{"id":1385,"date":"2020-04-22T10:10:00","date_gmt":"2020-04-22T08:10:00","guid":{"rendered":"https:\/\/leringetlaplume.com\/?p=1385"},"modified":"2023-08-02T10:16:06","modified_gmt":"2023-08-02T08:16:06","slug":"pour-monga","status":"publish","type":"post","link":"https:\/\/leringetlaplume.com\/?p=1385","title":{"rendered":"Pour Monga"},"content":{"rendered":"\n<p class=\"has-drop-cap\">30 octobre 1974, stade du 20<strong>&#8211;<\/strong>mai (Tata Rapha\u00ebl), Kinshasa. Il est 2h45 heures du matin. Braqu\u00e9s sur l\u2019immense ring plant\u00e9 au milieu de l\u2019enceinte, huit puissants projecteurs \u00e9clairent l\u2019ar\u00e8ne d\u2019une chaude lumi\u00e8re jaune orang\u00e9. D\u00e9j\u00e0 la foule, contenue par des dizaines de policiers arm\u00e9s et \u00e9quip\u00e9s de casques de protection blancs, se presse \u00e0 l\u2019entr\u00e9e principale. Dans la nuit ti\u00e8de africaine, la fi\u00e8vre monte. Tout le peuple za\u00efrois veut assister au combat du si\u00e8cle. The Rumble in the Jungle&nbsp;! Un \u00e9v\u00e9nement plan\u00e9taire retransmis en direct sur les cha\u00eenes TV am\u00e9ricaines. D\u2019o\u00f9 l\u2019horaire inhabituel. Ali vs Foreman&nbsp;: l\u2019affiche est historique. Politique m\u00eame pour le \u00ab&nbsp;grand l\u00e9opard&nbsp;\u00bb, le pr\u00e9sident-g\u00e9n\u00e9ral Mobutu Sese Soko, p\u00e8re de la nation autoproclam\u00e9 et grand ordonnateur de ce \u00ab&nbsp;super choc&nbsp;\u00bb comme le proclame l\u2019annonce officielle du Championnat du Monde des poids lourds.<\/p>\n\n\n\n<h6 class=\"wp-block-heading\"><strong>La petite vedette du Parc de la R\u00e9volution<\/strong><\/h6>\n\n\n\n<p>Pendant que le public remplit les gradins, les combattants se pr\u00e9parent. Dans l\u2019un des vestiaires, situ\u00e9 dans l\u2019aile nord du b\u00e2timent circulaire, un jeune boxeur au corps longiligne s\u2019\u00e9chauffe doucement. Il a 18 ans, le regard espi\u00e8gle et un sourire d\u2019enfant. Mais ses gestes, assur\u00e9s et pr\u00e9cis, ne trompent pas&nbsp;: le gamin a du talent. Une \u00e9l\u00e9gance naturelle qui lui vaut d\u00e9j\u00e0 une certaine notori\u00e9t\u00e9 dans les rangs amateurs. &nbsp;Originaire de Kisangani, au nord-ouest de Kinshasa, entre le fleuve Congo et la rivi\u00e8re Tsopho, ce gaucher \u00e0 la frappe s\u00e8che collectionne les succ\u00e8s. C\u2019est l\u2019un des meilleurs poids l\u00e9gers du pays, petite vedette du Parc de la R\u00e9volution, \u00e0 Kinsasha, l\u00e0 o\u00f9 il dispute la plupart de ses combats au d\u00e9but des ann\u00e9es 70. Il en a d\u00e9j\u00e0 une vingtaine \u00e0 son actif, et presqu\u2019autant de victoires&nbsp;! Deux d\u00e9faites seulement (dont l\u2019une contestable) et un match nul ternissent son brillant palmar\u00e8s.<\/p>\n\n\n\n<h6 class=\"wp-block-heading\"><strong>En lever de rideau d\u2019Ali vs Foreman \u00e0 Kinshasa&nbsp;!<\/strong><\/h6>\n\n\n\n<p>Cette \u00e9toile montante de la boxe za\u00efroise, c\u2019est Monga Mongelema, de la tribu Mbunza de Bumba \u00e9tablie dans la province de la Mongala (Grand Equateur). Cette nuit, le jeune espoir de la boxe za\u00efroise se paye le luxe de chauffer la toile bleue du ring sur laquelle Ali dansera tout \u00e0 l\u2019heure pendant 8 rounds avant d\u2019abattre Foreman d\u2019une droite au menton. Monga, privil\u00e8ge royal, boxe en lever de rideau de l\u2019une des plus c\u00e9l\u00e8bres confrontations de l\u2019histoire de la boxe mondiale.<\/p>\n\n\n\n<p>Ce n\u2019est pas un hasard si les organisateurs de la Rumble ont fait appel \u00e0 lui. C\u2019est l\u2019un des meilleurs amateurs du pays. Form\u00e9 par le d\u00e9funt Kilenda Mutombo, r\u00e9put\u00e9 \u00eatre le meilleur entra\u00eeneur du Za\u00efre et son adjoint Adelard Ibula Masengo, ancien entra\u00eeneur de l&#8217;\u00e9quipe nationale de boxe. Rapide, pr\u00e9cis, \u00e9l\u00e9gant, il boxe d\u00e9j\u00e0 avec une certaine classe. Et apr\u00e8s 5 ann\u00e9es de boxe amateur, il comptera \u00e0 son palmar\u00e8s plusieurs victoires contre de solides adversaires : &nbsp;Beltshika Mbayo, Nzolameso, Mutombo, Abdhalam, Kaninda, Musasa, Zora&#8230; Ce soir, Monga, on le sait, va faire le show. Comme d\u2019habitude, il donnera tout. Sans tricher. &nbsp;Une d\u00e9licieuse mise en bouche avant le plat de r\u00e9sistance. Et m\u00eame s\u2019il perdra finalement ce combat aux points, il aura enchant\u00e9 le public par sa boxe fluide et pr\u00e9cise et son c\u0153ur de lion.<\/p>\n\n\n\n<h6 class=\"wp-block-heading\"><strong>D\u00e9buts pro au Luxembourg<\/strong><\/h6>\n\n\n\n<p>Comme beaucoup de boxeurs africains de sa g\u00e9n\u00e9ration, c\u2019est au Luxembourg que Monga Mongelema entamera sa carri\u00e8re professionnelle \u00e0 la toute fin des ann\u00e9es 70. Passage oblig\u00e9, \u00e0 l\u2019\u00e9poque, pour la quasi-totalit\u00e9 des boxeurs originaire du continent qui voulaient obtenir une licence pro sans \u00eatre pour autant oblig\u00e9s de se naturaliser. En 1979, sur les conseils de son p\u00e8re, Mongelema quitte le Za\u00efre. Apr\u00e8s un court s\u00e9jour \u00e0 Bruxelles, il se rend au Grand-Duch\u00e9 o\u00f9 il obtiendra le droit de boxer en pro. Il livrera une quinzaine de combats sous licence luxembourgeoise, affrontant d\u00e9j\u00e0 de sacr\u00e9s clients &nbsp;comme le Britannique Tony Sibson (qui deviendra Champion d\u2019Europe des moyens en 1984), le N\u00e9erlandais Alex Blanchard (qui raflera la ceinture EBU des poids mi-lourds la m\u00eame ann\u00e9e contre le Fran\u00e7ais Richard Caramanolis) ou encore l\u2019excellent Croate Marjan Benes, d\u00e9c\u00e9d\u00e9 en 2018). On ne peut pas dire que son manager de l&#8217;\u00e9poque ait pris soin de prot\u00e9ger son jeune poulain&#8230; D&#8217;embl\u00e9e, Mongelema est jet\u00e9 sans dans l&#8217;ar\u00e8ne des grands. Sans m\u00e9nagement, comme cela a trop souvent \u00e9t\u00e9 le cas des boxeurs venus d&#8217;Afrique.<\/p>\n\n\n\n<h6 class=\"wp-block-heading\"><strong>Vainqueur surprise de Loucif Hamani<\/strong><\/h6>\n\n\n\n<p>Il est d\u2019ailleurs toujours licenci\u00e9 au Luxembourg lorsqu\u2019il croisera la route de l\u2019ex-champion d\u2019Afrique et challenger mondial Loucif Hamani. C\u2019\u00e9tait le 21 janvier 1982 \u00e0 Paris. Sur le papier, le combat devait \u00eatre une formalit\u00e9 pour l\u2019Alg\u00e9rien licenci\u00e9 au BC Choisy-le-Roi. Rempla\u00e7ant au pied lev\u00e9 de l\u2019am\u00e9ricain Walker, Monga Mongelema, en s\u00e9rieux ouvrier du ring \u00e9tait juste cens\u00e9 donner une honorable r\u00e9plique au virtuose Hamani. Contre toute attente, le gauche de Kinshasa cr\u00e9e une \u00e9norme surprise en envoyant au tapis l\u2019Alg\u00e9rien au 4<sup>\u00e8me<\/sup> round apr\u00e8s l\u2019avoir s\u00e9v\u00e8rement touch\u00e9 d\u2019un crochet gauche. Lucky punch. Alors que l\u2019arbitre \u00e9gr\u00e8ne les secondes, Julien Teissonni\u00e8res, manager de Loulou, pr\u00e9f\u00e8re jeter l\u2019\u00e9ponge pour pr\u00e9server la sant\u00e9 de son poulain. <em>\u00ab&nbsp;Lorsque Loucif Hamani est tomb\u00e9, je n\u2019en croyais pas mes yeux car le coup que je lui ai port\u00e9, un crochet gauche, en reculant en plus, n\u2019\u00e9tait pas particuli\u00e8rement puissant&#8230; Il devait \u00eatre fragile du menton&#8230; M\u00eame mon manager, Jean Bretonnel, qui \u00e9tait dans mon coin ce soir-l\u00e0 \u00e9tait \u00e9tonn\u00e9. J\u2019ai \u00e9norm\u00e9ment de respect pour Hamani, c\u2019est un bon boxeur et un grand technicien&nbsp;\u00bb, <\/em>me confiait Monga, dans une interview r\u00e9alis\u00e9e en 2014.<\/p>\n\n\n\n<h6 class=\"wp-block-heading\"><strong>Stopp\u00e9 par Angulo et Ferrara<\/strong><\/h6>\n\n\n\n<p>Avec cette victoire, Mongelema entre dans la l\u00e9gende. Il n\u2019est plus seulement un guerrier au c\u0153ur de lion. Maintenant, il sait qu\u2019il peut devenir un vrai champion. De France, d\u2019Europe&#8230;&nbsp;? Et plus encore&nbsp;? Une chose est s\u00fbre&nbsp;: avec son sacre parisien, c\u2019est une nouvelle \u00e9tape s\u2019ouvre dans sa carri\u00e8re. Premier changement notable&nbsp;: il quitte le Luxembourg et vient s\u2019\u00e9tablir en France au d\u00e9but de l\u2019ann\u00e9e 1982. D\u00e9sormais licenci\u00e9 sous le n\u00b0 7045 \u00e0 la F\u00e9d\u00e9ration Fran\u00e7aise de Boxe, de nouveaux horizons s&#8217;ouvrent \u00e0 lui. Mais les perspectives, en r\u00e9alit\u00e9, sont limit\u00e9es. Barr\u00e9e de la mention &#8220;ETRANGER&#8221;, sa carte de boxeur pro lui interdit toute participation aux championnats de France et d&#8217;Europe. Pilot\u00e9 par Michel Acari\u00e8s, il prend vite ses marques et d\u00e9fie successivement deux des plus grands poids moyens fran\u00e7ais du moment&nbsp;: Rufino Angulo (qui deviendra champion de France des mi-lourds en 1987 face \u00e0 Caramanolis et challenger europ\u00e9en et mondial de la cat\u00e9gorie) et St\u00e9phane Ferrara (qui d\u00e9crochera la ceinture tricolore en d\u00e9cembre 1982 face \u00e0 Jacques Chinon et s\u2019inclinera plus honorablement devant Louis Acari\u00e8s pour le titre europ\u00e9en 9 mois plus tard).<\/p>\n\n\n\n<h6 class=\"wp-block-heading\"><strong>Pour venger Loucif&nbsp;!<\/strong><\/h6>\n\n\n\n<p>Les anciens se souviennent encore de la violence du combat qui l\u2019opposa \u00e0 Rufino Angulo le 6 mars 1982 \u00e0 Coubertin. Une guerre. Apr\u00e8s avoir touch\u00e9 plusieurs fois son adversaire (compt\u00e9 trois fois), Mongelema est foudroy\u00e9, en contre, par une droite redoutable qui le mettra K.O au 8<sup>\u00e8me<\/sup> round. Lorsqu\u2019il a appris la mort de Mongelema, Rufino Angulo s\u2019est dit <em>\u00ab&nbsp;triste et d\u00e9vast\u00e9 pour mon ami, mon fr\u00e8re&nbsp;\u00bb<\/em>. M\u00eames paroles, pleine de respect et de compassion chez St\u00e9phane Ferrara, vainqueur aux points de Monga le 7 juin 1982 \u00e0 Paris. <em>\u00ab&nbsp;C\u2019est un grand boxeur qui nous quitte, quelle tristesse&#8230;&nbsp;Mes condol\u00e9ances \u00e0 ses proches \u00bb.<\/em> St\u00e9phane, ce soir-l\u00e0, est mont\u00e9 sur le ring avec une d\u00e9termination sans faille. Il n\u2019avait qu\u2019une seule id\u00e9e en t\u00eate&nbsp;: venger Loucif Hamani, \u00ab&nbsp;accidentellement&nbsp;\u00bb mis K.O par Mongelema. <em>\u00ab&nbsp;Pour moi, qui admirait la boxe d\u2019Hamani, c\u2019\u00e9tait un devoir&nbsp;! J\u2019\u00e9tais remont\u00e9 \u00e0 bloc, confiant et bien d\u00e9cid\u00e9 \u00e0 venger Loucif&nbsp;!&nbsp;\u00bb,<\/em> confie-t-il aujourd\u2019hui \u00e0 Choisy Boxe.<\/p>\n\n\n\n<h6 class=\"wp-block-heading\"><strong>Dans les yeux d\u2019Annie Girardot<\/strong><\/h6>\n\n\n\n<p>Mais secr\u00e8tement, il puisait aussi sa force dans le regard d\u2019une femme qui \u00e9tait assise au premier rang. <em>\u00ab&nbsp;J\u2019\u00e9tais fascin\u00e9 par ses yeux. Elle me regardait avec inqui\u00e9tude depuis le d\u00e9but du combat. Et moi, pendant la minute de repos, dans mon coin, je n\u2019arrivais pas \u00e0 me d\u00e9tacher de son regard. Je ne voulais m\u00eame pas m\u2019asseoir pour bien voir son visage&nbsp;! On communiquait avec les yeux. Je voulais la rassurer, lui dire que je ma\u00eetrisais la situation pour qu\u2019elle ne s\u2019inqui\u00e8te pas&#8230; Et peu \u00e0 peu, j\u2019ai vu son visage se d\u00e9tendre&#8230;&nbsp;\u00bb,<\/em> r\u00e9v\u00e8le aujourd\u2019hui St\u00e9phane Ferrara. Ce regard providentiel, c&#8217;\u00e9tait celui de l&#8217;actrice Annie Girardot. Dix ann\u00e9es plus tard, alors qu\u2019il tournait un film avec elle \u00e0 Milan, il lui a avou\u00e9 \u00e0 quel point son regard l\u2019avait aid\u00e9, ce soir-l\u00e0, \u00e0 venir \u00e0 bout du redoutable Mongelema. Celle qui incarnait la provocante Nadia dans Rocco et ses fr\u00e8res, le chef-d\u2019\u0153uvre de Visconti (1960), \u00e9tait une habitu\u00e9e des belles soir\u00e9es de boxe parisiennes des ann\u00e9es 70 et 80. Tout comme Alain Delon qui incarnait le r\u00f4le-titre du film.<\/p>\n\n\n\n<h6 class=\"wp-block-heading\"><strong>De Dunkerque \u00e0 Antibes<\/strong><\/h6>\n\n\n\n<p>Angulo et Ferrara, deux merveilleux champions qui assombrissent les r\u00eaves de grandeur de la fiert\u00e9 de Kisangani. Mais Monga ne renonce pas. Pour commencer, il s\u2019\u00e9loigne de Paris. Direction Dunkerque. Chez l\u2019excellent Andr\u00e9 Vercoutter, o\u00f9 il retrouvera avec plaisir son illustre compatriote le franco-congolais Jo Kimpuani, ex-champion du Congo chez les amateurs, champion de France, d\u2019Afrique et d\u2019Europe des super-l\u00e9gers en pro, deux championnats du monde WBC au compteur&nbsp;! Le regrett\u00e9 Dan Mputu, autre gloire de la boxe congolaise, \u00e9tait aussi licenci\u00e9 chez Vercoutter entre 1976 et 1982. Puis, \u00e0 l\u2019initiative de Michel Acari\u00e8s, c\u2019est au bord de la M\u00e9diterran\u00e9e, \u00e0 Antibes qu\u2019il ira se fixer au milieu des ann\u00e9es 80. Vite adopt\u00e9 par les Antibois, Monga Mongelema encha\u00eene alors les combats sous la houlette du promoteur Roger Ferrer. Sous le soleil de la douce station baln\u00e9aire, entre 1983 et 1985, il battra Jacques Chinon, Jos\u00e9 Lozano, Andoni Amana, Matteo Slavemini, Gratien Tonna, Brian Andreson&#8230; Pour la premi\u00e8re fois, \u00e0 Antibes, Mongelema b\u00e9n\u00e9ficie d&#8217;un v\u00e9ritable accompagnement \u00e0 la hauteur de sa valeur : soutien social et administratif (notamment pour les d\u00e9marches li\u00e9es \u00e0 sa naturalisation), logement, conditions d&#8217;entra\u00eenement&#8230; Et grande nouveaut\u00e9 dans sa carri\u00e8re : il a environ 2 mois pour pr\u00e9parer chacun de ses combats !<\/p>\n\n\n\n<h6 class=\"wp-block-heading\"><strong>H\u00e9ro\u00efque face \u00e0 Roldan, Cordoba et Tiozzo&nbsp;<\/strong><\/h6>\n\n\n\n<p>Le 14 juillet 1984, au stade Louis II de Fontvieille (Monaco), il livre un combat h\u00e9ro\u00efque contre le n\u00b02 mondial, le bison argentin Juan Domingo \u00ab&nbsp;El Martillo&nbsp;\u00bb Roldan (52 victoires, 3 d\u00e9faites et 2 nuls au moment de ce combat). Quatre mois plus t\u00f4t, ce dernier avait disput\u00e9 un championnat du monde unifi\u00e9 des poids moyens \u00e0 Las Vegas (WBC, WBA et IBF) contre le l\u00e9gendaire Marvin \u00ab&nbsp;Marvelous&nbsp;\u00bb Hagler qui r\u00e9gnait en ma\u00eetre sur la cat\u00e9gorie. Au 1<sup>er<\/sup> round, Roldan, au bout de quelques secondes, envoie Hagler au tapis sur un crochet gauche (un peu pouss\u00e9 il est vrai&#8230;). Compt\u00e9 8&nbsp;! Une \u00e9norme surprise. Et jusqu\u2019\u00e0 la fin (il sera mis K.O au 10<sup>\u00e8me<\/sup> round), il rendra coup pour coup \u00e0 l\u2019indestructible chauve de Brockton. C\u2019est face \u00e0 ce tr\u00e8s coriace adversaire que Mongelema tiendra debout pendant 8 rounds, lui donnant m\u00eame du fil \u00e0 retordre. Apr\u00e8s avoir \u00e9vit\u00e9 ses attaques pendant les 4 premiers rounds, Monga passe \u00e0 l&#8217;offensive dans la seconde partie du combat, touchant \u00e0 plusieurs reprises l&#8217;Argentin. M\u00eame s&#8217;il a un peu faibli au dernier round, il aurait m\u00e9rit\u00e9 un match nul. Il est le seul boxeur fran\u00e7ais et m\u00eame europ\u00e9en \u00e0 avoir d\u00e9fi\u00e9 Roldan la terreur.<\/p>\n\n\n\n<p>De retour \u00e0 Paris, en 1986, Mongelema, fid\u00e8le \u00e0 lui-m\u00eame, accepte les combats les plus p\u00e9rilleux. Jamais refuser un adversaire. C\u2019est sa marque de fabrique&#8230; Avec Monsieur Jean&nbsp;dans son coin, il repart \u00e0 la guerre. Et se heurte \u00e0 nouveau \u00e0 deux obstacles de taille&nbsp;: le Panam\u00e9en Victor Cordoba (en 1985 \u00e0 Monaco) et le Fran\u00e7ais Christophe Tiozzo (en 1986 \u00e0 Paris). Deux futurs champions du monde devant lesquels il s\u2019inclinera aux points et avec les honneurs, non sans avoir envoy\u00e9 Tiozzo sur les fesses&#8230; Et Cordoba mettra K.O Tiozzo au 9<sup>\u00e8me<\/sup> round \u00e0 Marseille en 1991 lors de la premi\u00e8re d\u00e9fense de son titre de champion du monde WBA des super-moyens. A la presse qui lui demandait son pronostic avant la rencontre (puisqu\u2019il avait affront\u00e9 les deux boxeurs), Mongelema avait r\u00e9pondu&nbsp;: <em>\u00ab Je veux bien admettre que Tiozzo a progress\u00e9 mais je crois Cordoba plus dangereux. Il pourrait m\u00eame y avoir une belle surprise \u00e0 Marseille&#8230; \u00bb<\/em><strong><em>.<\/em><\/strong> Proph\u00e9tique.<\/p>\n\n\n\n<h6 class=\"wp-block-heading\"><strong>Un boxeur surexpos\u00e9&#8230;<\/strong><\/h6>\n\n\n\n<p>A l\u2019inverse de nombreux boxeurs tricolores (qui l\u2019ont d\u2019ailleurs soigneusement \u00e9vit\u00e9&#8230;), Mongelema n\u2019a jamais suivi de plan de carri\u00e8re et encore moins de carri\u00e8re prot\u00e9g\u00e9e. Ce qui a peut-\u00eatre \u00e9t\u00e9 une erreur car Mongelema a cumul\u00e9 les combats durs sans forc\u00e9ment retirer les fruits de tant de sacrifices. Un classique dans le monde de la boxe \u00e0 cette \u00e9poque. Surtout pour les boxeurs venus d\u2019Afrique, trop souvent exploit\u00e9s et rarement consid\u00e9r\u00e9s \u00e0 leur juste valeur. Monga Mongelema, qui avait \u00e9t\u00e9 rebaptis\u00e9 \u00ab&nbsp;Andr\u00e9&nbsp;\u00bb apr\u00e8s sa naturalisation (pour pouvoir disputer les championnats de France et d\u2019Europe), n\u2019\u00e9tait pas dupe et savait parfaitement \u00e0 quoi s\u2019en tenir. Il acceptait les combats durs pour s\u2019imposer co\u00fbte que co\u00fbte, d\u00e9montrer qu\u2019il pouvait boxer n\u2019importe qui. <em>\u00ab&nbsp;Mais il ne boxait pas pour gagner \u00e0 tout prix. Il boxait pour boxer. Parce qu\u2019il aimait vraiment s\u2019entra\u00eener, boxer&#8230; Il \u00e9tait passionn\u00e9 par le Noble Art&nbsp;\u00bb,<\/em> fait observer l\u2019ancien champion originaire du Cameroun, Hugues Thierry Samo qui l\u2019a bien connu. <em>\u00ab&nbsp;Je l\u2019ai connu \u00e0 Marseille, quand j\u2019\u00e9tais chez Molina. Il venait parfois mettre les gants chez nous pour se pr\u00e9parer. Il \u00e9tait d\u2019une grande gentillesse et tr\u00e8s humble&nbsp;\u00bb,<\/em> ajoute l\u2019\u00e9l\u00e9gant Samo, vainqueur de l\u2019ex-champion du monde, l\u2019Espagnol Perico Fernandez, en 1984 \u00e0 Marseille.<\/p>\n\n\n\n<p>Cons\u00e9quence de cette surexposition&nbsp;: le nombre de d\u00e9faites inscrites \u00e0 son palmar\u00e8s (conc\u00e9d\u00e9es face \u00e0 de grands champions de niveau europ\u00e9en ou mondial) trompait parfois ses adversaires. On le croyait na\u00efvement \u00ab&nbsp;moyen&nbsp;\u00bb alors qu\u2019il \u00e9tait un champion d\u2019exception. Hugues Thierry Samo analyse avec lucidit\u00e9 la situation&nbsp;: <em>\u00ab&nbsp;En fait, certains managers et des boxeurs pas tr\u00e8s curieux se laissaient parfois avoir par le faux palmar\u00e8s de Mongelema. Ils ne prenaient pas toujours le temps d\u2019analyser en d\u00e9tail sa carri\u00e8re et se contentaient de regarder le nombre de victoires et le nombre de d\u00e9faites. Cela ne veut rien dire&nbsp;! Ce qui compte en boxe, c\u2019est de savoir qui se trouvait en face sur le ring&#8230;&nbsp;\u00bb.<\/em><\/p>\n\n\n\n<h6 class=\"wp-block-heading\"><strong>Champion de France des poids moyens \u00e0 32 ans<\/strong><\/h6>\n\n\n\n<p>Apr\u00e8s ses deux d\u00e9faites face \u00e0 Cordoba et Tiozzo, Mongelema, inaugure un nouveau cycle dans sa carri\u00e8re. Devenu Fran\u00e7ais par naturalisation, il vise d\u00e9sormais le titre national. Entre 1987 et 1989, Monga ne conna\u00eetra pas la d\u00e9faite. Dix victoires en deux ann\u00e9es d\u2019activit\u00e9. Apr\u00e8s avoir battu plusieurs poids moyens de valeur (dont Jos\u00e9 Rosemain et Klayima Awouitoh), il s\u2019empare de la ceinture tricolore de la cat\u00e9gorie (vacante) le 28 mars 1988 au Cirque d\u2019Hiver (Paris) face au rugueux Jean-No\u00ebl Camara, battu par K.O \u00e0 la cinqui\u00e8me reprise. Une fois de plus. Un sacre pour le jeune boxeur amateur du Parc de la R\u00e9volution \u00e0 Kinsasha. Mais aussi sa premi\u00e8re reconnaissance officielle sur la sc\u00e8ne pugilistique fran\u00e7aise sur laquelle il \u00e9voluait pourtant depuis dix ans. Quatre victoires plus tard (dont une sur le dou\u00e9 Paul Tchou\u00e9), il tente sa chance europ\u00e9enne (le titre est vacant) face au champion d\u2019Italie Francesco Dell\u2019Aquila.<\/p>\n\n\n\n<h6 class=\"wp-block-heading\"><strong>A un cheveu de la ceinture europ\u00e9enne<\/strong> !<\/h6>\n\n\n\n<p>Le combat a lieu le 31 mai 1989 \u00e0 Campione d\u2019Italia (Lombardie). Face \u00e0 un adversaire dix ans plus jeune que lui, Mongelema d\u00e9ploie sa boxe fluide et intelligente et secoue plusieurs fois son adversaire. Mais c\u2019est visiblement insuffisant pour les juges qui donnent la victoire \u00e0 l\u2019enfant du pays. Emporter une d\u00e9cision aux points en Italie, tous les boxeurs fran\u00e7ais le savent bien, n\u2019est pas toujours \u00e9vident&#8230; &nbsp;Ce sera son dernier combat. Apr\u00e8s 50 duels professionnels, 32 victoires (dont 14 par K.O), 13 d\u00e9faites (dont 3 par K.O) et 5 nuls, la fiert\u00e9 de Kisangani fait ses adieux au ring. En 2017, le prot\u00e9g\u00e9 de Jean Bretonnel d\u00e9clarera&nbsp;: <em>\u00ab&nbsp;J\u2019ai \u00e9t\u00e9 dix ans boxeur professionnel&#8230; &nbsp;J\u2019ai travaill\u00e9 un peu pour bien assurer ma retraite&nbsp;! C&#8217;est ok maintenant&nbsp;: j&#8217;attends tranquillement, comme un papa avec ses enfants, en famille&#8230; Je suis tr\u00e8s fier d&#8217;avoir fait ce parcours et gr\u00e2ce \u00e0 mon Dieu qui \u00e9tait toujours avec moi pour me prot\u00e9ger des dangers sur les rings de boxe&nbsp;\u00bb.<\/em><\/p>\n\n\n\n<p>Ironie du sort, moins d\u2019un an apr\u00e8s sa d\u00e9faite contestable en Italie, le 24 janvier 1990, en Sicile, le champion du monde Sumbu \u00ab&nbsp;Ali&nbsp;\u00bb Kalambay, lui aussi originaire de l\u2019ex-Za\u00efre (RDC) et ami de jeunesse de Mongelema, reprendra le titre europ\u00e9en \u00e0 Dell\u2019Aquila par K.O au 9<sup>\u00e8me<\/sup> round. Hasard des classements de l\u2019European Boxing Union ou Kinshasa karma&nbsp;? S\u00fbr que Monga, ce jour-l\u00e0, a esquiss\u00e9 ce m\u00eame sourire espi\u00e8gle qui illuminait d\u00e9j\u00e0 son visage juv\u00e9nile lorsqu\u2019il s\u2019\u00e9chauffait dans les vestiaires du stade du 20-Mai, une nuit d\u2019automne 1974. Monga Bomay\u00e9&nbsp;! Monga Bomay\u00e9&nbsp;! Monga Bomay\u00e9&nbsp;!<\/p>\n\n\n\n<h6 class=\"wp-block-heading has-text-align-right\"><strong>Nasser Negrouche<\/strong><\/h6>\n\n\n\n<p class=\"has-gridlove-highlight-bg-color has-gridlove-highlight-acc-background-color has-text-color has-background\"><strong>QUELQUES REACTIONS&#8230;<br><\/strong><br><strong>A l&#8217;exception du silence inexplicable de la F\u00e9d\u00e9ration Fran\u00e7aise de Boxe et du mutisme tout aussi myst\u00e9rieux de la presse sportive institutionnelle, tout le monde de la boxe pleure le d\u00e9c\u00e8s de Monga Mongelema<\/strong>.<strong> Sur les r\u00e9seaux sociaux, on ne compte plus les r\u00e9actions de ceux qui l&#8217;ont connu, managers, entra\u00eeneurs, boxeurs, supporters&#8230; Il serait impossible de citer tout le monde ici. En voici quelques unes. Vous pouvez ajouter votre propre r\u00e9action en commentant cet article ci-dessous.<\/strong><br><br><strong>Michel Acari\u00e8s&nbsp;: <\/strong><em>\u00ab&nbsp;La disparition de Mongelema me peine \u00e9norm\u00e9ment&nbsp;! C\u2019\u00e9tait un vaillant guerrier, un boxeur qui ne reculait devant personne. Louis et moi sommes attrist\u00e9s et on adresse toutes nos condol\u00e9ances \u00e0 sa famille&nbsp;\u00bb.<\/em><br><strong>Rufino Angulo&nbsp;:<\/strong><em> \u00ab&nbsp; Je suis triste et d\u00e9vast\u00e9. C&#8217;\u00e9tait mon ami, mon fr\u00e8re. Qu&#8217;il repose en paix et je pense \u00e0 sa famille&#8221;.<\/em><br><strong>St\u00e9phane Ferrara&nbsp;: <\/strong><em>\u00ab&nbsp;Je suis vraiment touch\u00e9 par son d\u00e9c\u00e8s. C\u2019est un fr\u00e8re du ring qui s\u2019en va&#8230; Un de plus&#8230; C\u2019\u00e9tait un bon boxeur et un homme de valeur. Je ne l\u2019oublierai pas et j\u2019adresse tout mon soutien \u00e0 sa famille&nbsp;\u00bb.<\/em><br><strong>Hugues Thierry Samo :<\/strong> &#8220;Quelle triste nouvelle ! Je suis pein\u00e9&#8230; C&#8217;\u00e9tait un homme d&#8217;une grande gentillesse, il nous manquera. J&#8217;adresse mes condol\u00e9ances \u00e0 ses proches. Qu&#8217;il repose en paix&#8221;.<br><strong>Sa\u00efd Skouma&nbsp;:<\/strong> <em>\u00ab&nbsp;C\u2019est une bien triste nouvelle&#8230; J\u2019ai souvent mis les gants avec lui \u00e0 l\u2019entra\u00eenement et c\u2019\u00e9tait parfois plus dur qu\u2019en combat car il cognait&#8230; Il avait un putain de crochet gauche&#8230; Paix \u00e0 son \u00e2me et mes condol\u00e9ances \u00e0 sa famille&nbsp;\u00bb.<\/em><\/p>\n\n\n\n<p class=\"has-background\" style=\"background-color:#fefc8c\"><strong>UNE CAGNOTTE EN LIGNE POUR SOUTENIR LA FAMILLE MONGELEMA<\/strong><br>Vous pouvez manifester votre solidarit\u00e9 avec la famille Mongelema en participant \u00e0 la cagnotte organis\u00e9e en sa faveur sur le lien suivant : <a href=\"https:\/\/www.leetchi.com\/c\/deces-mongelema\" target=\"_blank\" rel=\"noreferrer noopener\">https:\/\/www.leetchi.com\/c\/deces-mongelema <\/a><br>En un clic, exprimez votre soutien. Chacun participe du montant qu&#8217;il souhaite. Tous les paiements sont s\u00e9curis\u00e9s.<\/p>\n","protected":false},"excerpt":{"rendered":"<p>30 octobre 1974, stade du 20&#8211;mai (Tata Rapha\u00ebl), Kinshasa. Il est 2h45 heures du matin. Braqu\u00e9s sur l\u2019immense ring plant\u00e9 au milieu de l\u2019enceinte, huit puissants projecteurs \u00e9clairent l\u2019ar\u00e8ne d\u2019une chaude lumi\u00e8re jaune orang\u00e9. D\u00e9j\u00e0 la foule, contenue par des dizaines de policiers arm\u00e9s et \u00e9quip\u00e9s de casques de protection blancs, se presse \u00e0 l\u2019entr\u00e9e [&hellip;]<\/p>\n","protected":false},"author":2,"featured_media":1386,"comment_status":"open","ping_status":"open","sticky":false,"template":"","format":"standard","meta":{"footnotes":""},"categories":[95],"tags":[],"class_list":["post-1385","post","type-post","status-publish","format-standard","has-post-thumbnail","hentry","category-les-grands-du-ring"],"yoast_head":"<!-- This site is optimized with the Yoast SEO plugin v21.4 - https:\/\/yoast.com\/wordpress\/plugins\/seo\/ -->\n<title>Pour Monga - Le ring et la plume<\/title>\n<meta name=\"robots\" content=\"index, follow, max-snippet:-1, max-image-preview:large, max-video-preview:-1\" \/>\n<link rel=\"canonical\" href=\"https:\/\/leringetlaplume.com\/?p=1385\" \/>\n<meta property=\"og:locale\" content=\"fr_FR\" \/>\n<meta property=\"og:type\" content=\"article\" \/>\n<meta property=\"og:title\" content=\"Pour Monga - Le ring et la plume\" \/>\n<meta property=\"og:description\" content=\"30 octobre 1974, stade du 20&#8211;mai (Tata Rapha\u00ebl), Kinshasa. Il est 2h45 heures du matin. Braqu\u00e9s sur l\u2019immense ring plant\u00e9 au milieu de l\u2019enceinte, huit puissants projecteurs \u00e9clairent l\u2019ar\u00e8ne d\u2019une chaude lumi\u00e8re jaune orang\u00e9. D\u00e9j\u00e0 la foule, contenue par des dizaines de policiers arm\u00e9s et \u00e9quip\u00e9s de casques de protection blancs, se presse \u00e0 l\u2019entr\u00e9e [&hellip;]\" \/>\n<meta property=\"og:url\" content=\"https:\/\/leringetlaplume.com\/?p=1385\" \/>\n<meta property=\"og:site_name\" content=\"Le ring et la plume\" \/>\n<meta property=\"article:published_time\" content=\"2020-04-22T08:10:00+00:00\" \/>\n<meta property=\"article:modified_time\" content=\"2023-08-02T08:16:06+00:00\" \/>\n<meta property=\"og:image\" content=\"https:\/\/leringetlaplume.com\/wp-content\/uploads\/2023\/08\/Monga.jpeg\" \/>\n\t<meta property=\"og:image:width\" content=\"400\" \/>\n\t<meta property=\"og:image:height\" content=\"394\" \/>\n\t<meta property=\"og:image:type\" content=\"image\/jpeg\" \/>\n<meta name=\"author\" content=\"Nasser Negrouche\" \/>\n<meta name=\"twitter:card\" content=\"summary_large_image\" \/>\n<meta name=\"twitter:label1\" content=\"\u00c9crit par\" \/>\n\t<meta name=\"twitter:data1\" content=\"Nasser Negrouche\" \/>\n\t<meta name=\"twitter:label2\" content=\"Dur\u00e9e de lecture estim\u00e9e\" \/>\n\t<meta name=\"twitter:data2\" content=\"17 minutes\" \/>\n<script type=\"application\/ld+json\" class=\"yoast-schema-graph\">{\"@context\":\"https:\/\/schema.org\",\"@graph\":[{\"@type\":\"Article\",\"@id\":\"https:\/\/leringetlaplume.com\/?p=1385#article\",\"isPartOf\":{\"@id\":\"https:\/\/leringetlaplume.com\/?p=1385\"},\"author\":{\"name\":\"Nasser Negrouche\",\"@id\":\"https:\/\/leringetlaplume.com\/#\/schema\/person\/5b126afea7e7c6215d2bda19bdbc2378\"},\"headline\":\"Pour Monga\",\"datePublished\":\"2020-04-22T08:10:00+00:00\",\"dateModified\":\"2023-08-02T08:16:06+00:00\",\"mainEntityOfPage\":{\"@id\":\"https:\/\/leringetlaplume.com\/?p=1385\"},\"wordCount\":3474,\"commentCount\":0,\"publisher\":{\"@id\":\"https:\/\/leringetlaplume.com\/#organization\"},\"articleSection\":[\"Les grands du ring\"],\"inLanguage\":\"fr-FR\",\"potentialAction\":[{\"@type\":\"CommentAction\",\"name\":\"Comment\",\"target\":[\"https:\/\/leringetlaplume.com\/?p=1385#respond\"]}]},{\"@type\":\"WebPage\",\"@id\":\"https:\/\/leringetlaplume.com\/?p=1385\",\"url\":\"https:\/\/leringetlaplume.com\/?p=1385\",\"name\":\"Pour Monga - Le ring et la plume\",\"isPartOf\":{\"@id\":\"https:\/\/leringetlaplume.com\/#website\"},\"datePublished\":\"2020-04-22T08:10:00+00:00\",\"dateModified\":\"2023-08-02T08:16:06+00:00\",\"breadcrumb\":{\"@id\":\"https:\/\/leringetlaplume.com\/?p=1385#breadcrumb\"},\"inLanguage\":\"fr-FR\",\"potentialAction\":[{\"@type\":\"ReadAction\",\"target\":[\"https:\/\/leringetlaplume.com\/?p=1385\"]}]},{\"@type\":\"BreadcrumbList\",\"@id\":\"https:\/\/leringetlaplume.com\/?p=1385#breadcrumb\",\"itemListElement\":[{\"@type\":\"ListItem\",\"position\":1,\"name\":\"Accueil\",\"item\":\"https:\/\/leringetlaplume.com\/\"},{\"@type\":\"ListItem\",\"position\":2,\"name\":\"Pour Monga\"}]},{\"@type\":\"WebSite\",\"@id\":\"https:\/\/leringetlaplume.com\/#website\",\"url\":\"https:\/\/leringetlaplume.com\/\",\"name\":\"Le ring et la plume\",\"description\":\"\",\"publisher\":{\"@id\":\"https:\/\/leringetlaplume.com\/#organization\"},\"potentialAction\":[{\"@type\":\"SearchAction\",\"target\":{\"@type\":\"EntryPoint\",\"urlTemplate\":\"https:\/\/leringetlaplume.com\/?s={search_term_string}\"},\"query-input\":\"required name=search_term_string\"}],\"inLanguage\":\"fr-FR\"},{\"@type\":\"Organization\",\"@id\":\"https:\/\/leringetlaplume.com\/#organization\",\"name\":\"Le ring et la plume\",\"url\":\"https:\/\/leringetlaplume.com\/\",\"logo\":{\"@type\":\"ImageObject\",\"inLanguage\":\"fr-FR\",\"@id\":\"https:\/\/leringetlaplume.com\/#\/schema\/logo\/image\/\",\"url\":\"https:\/\/leringetlaplume.com\/wp-content\/uploads\/2023\/08\/LOGOLe-RingetlaPlume-520-\u00d7-520-px.png\",\"contentUrl\":\"https:\/\/leringetlaplume.com\/wp-content\/uploads\/2023\/08\/LOGOLe-RingetlaPlume-520-\u00d7-520-px.png\",\"width\":520,\"height\":520,\"caption\":\"Le ring et la plume\"},\"image\":{\"@id\":\"https:\/\/leringetlaplume.com\/#\/schema\/logo\/image\/\"}},{\"@type\":\"Person\",\"@id\":\"https:\/\/leringetlaplume.com\/#\/schema\/person\/5b126afea7e7c6215d2bda19bdbc2378\",\"name\":\"Nasser Negrouche\",\"image\":{\"@type\":\"ImageObject\",\"inLanguage\":\"fr-FR\",\"@id\":\"https:\/\/leringetlaplume.com\/#\/schema\/person\/image\/\",\"url\":\"https:\/\/secure.gravatar.com\/avatar\/c266447ae1f8a2edaf8b45a31877b4afb00dbb6c257630be697fccad7aa67c55?s=96&d=mm&r=g\",\"contentUrl\":\"https:\/\/secure.gravatar.com\/avatar\/c266447ae1f8a2edaf8b45a31877b4afb00dbb6c257630be697fccad7aa67c55?s=96&d=mm&r=g\",\"caption\":\"Nasser Negrouche\"},\"url\":\"https:\/\/leringetlaplume.com\/?author=2\"}]}<\/script>\n<!-- \/ Yoast SEO plugin. -->","yoast_head_json":{"title":"Pour Monga - Le ring et la plume","robots":{"index":"index","follow":"follow","max-snippet":"max-snippet:-1","max-image-preview":"max-image-preview:large","max-video-preview":"max-video-preview:-1"},"canonical":"https:\/\/leringetlaplume.com\/?p=1385","og_locale":"fr_FR","og_type":"article","og_title":"Pour Monga - Le ring et la plume","og_description":"30 octobre 1974, stade du 20&#8211;mai (Tata Rapha\u00ebl), Kinshasa. Il est 2h45 heures du matin. Braqu\u00e9s sur l\u2019immense ring plant\u00e9 au milieu de l\u2019enceinte, huit puissants projecteurs \u00e9clairent l\u2019ar\u00e8ne d\u2019une chaude lumi\u00e8re jaune orang\u00e9. D\u00e9j\u00e0 la foule, contenue par des dizaines de policiers arm\u00e9s et \u00e9quip\u00e9s de casques de protection blancs, se presse \u00e0 l\u2019entr\u00e9e [&hellip;]","og_url":"https:\/\/leringetlaplume.com\/?p=1385","og_site_name":"Le ring et la plume","article_published_time":"2020-04-22T08:10:00+00:00","article_modified_time":"2023-08-02T08:16:06+00:00","og_image":[{"width":400,"height":394,"url":"https:\/\/leringetlaplume.com\/wp-content\/uploads\/2023\/08\/Monga.jpeg","type":"image\/jpeg"}],"author":"Nasser Negrouche","twitter_card":"summary_large_image","twitter_misc":{"\u00c9crit par":"Nasser Negrouche","Dur\u00e9e de lecture estim\u00e9e":"17 minutes"},"schema":{"@context":"https:\/\/schema.org","@graph":[{"@type":"Article","@id":"https:\/\/leringetlaplume.com\/?p=1385#article","isPartOf":{"@id":"https:\/\/leringetlaplume.com\/?p=1385"},"author":{"name":"Nasser Negrouche","@id":"https:\/\/leringetlaplume.com\/#\/schema\/person\/5b126afea7e7c6215d2bda19bdbc2378"},"headline":"Pour Monga","datePublished":"2020-04-22T08:10:00+00:00","dateModified":"2023-08-02T08:16:06+00:00","mainEntityOfPage":{"@id":"https:\/\/leringetlaplume.com\/?p=1385"},"wordCount":3474,"commentCount":0,"publisher":{"@id":"https:\/\/leringetlaplume.com\/#organization"},"articleSection":["Les grands du ring"],"inLanguage":"fr-FR","potentialAction":[{"@type":"CommentAction","name":"Comment","target":["https:\/\/leringetlaplume.com\/?p=1385#respond"]}]},{"@type":"WebPage","@id":"https:\/\/leringetlaplume.com\/?p=1385","url":"https:\/\/leringetlaplume.com\/?p=1385","name":"Pour Monga - Le ring et la plume","isPartOf":{"@id":"https:\/\/leringetlaplume.com\/#website"},"datePublished":"2020-04-22T08:10:00+00:00","dateModified":"2023-08-02T08:16:06+00:00","breadcrumb":{"@id":"https:\/\/leringetlaplume.com\/?p=1385#breadcrumb"},"inLanguage":"fr-FR","potentialAction":[{"@type":"ReadAction","target":["https:\/\/leringetlaplume.com\/?p=1385"]}]},{"@type":"BreadcrumbList","@id":"https:\/\/leringetlaplume.com\/?p=1385#breadcrumb","itemListElement":[{"@type":"ListItem","position":1,"name":"Accueil","item":"https:\/\/leringetlaplume.com\/"},{"@type":"ListItem","position":2,"name":"Pour Monga"}]},{"@type":"WebSite","@id":"https:\/\/leringetlaplume.com\/#website","url":"https:\/\/leringetlaplume.com\/","name":"Le ring et la plume","description":"","publisher":{"@id":"https:\/\/leringetlaplume.com\/#organization"},"potentialAction":[{"@type":"SearchAction","target":{"@type":"EntryPoint","urlTemplate":"https:\/\/leringetlaplume.com\/?s={search_term_string}"},"query-input":"required name=search_term_string"}],"inLanguage":"fr-FR"},{"@type":"Organization","@id":"https:\/\/leringetlaplume.com\/#organization","name":"Le ring et la plume","url":"https:\/\/leringetlaplume.com\/","logo":{"@type":"ImageObject","inLanguage":"fr-FR","@id":"https:\/\/leringetlaplume.com\/#\/schema\/logo\/image\/","url":"https:\/\/leringetlaplume.com\/wp-content\/uploads\/2023\/08\/LOGOLe-RingetlaPlume-520-\u00d7-520-px.png","contentUrl":"https:\/\/leringetlaplume.com\/wp-content\/uploads\/2023\/08\/LOGOLe-RingetlaPlume-520-\u00d7-520-px.png","width":520,"height":520,"caption":"Le ring et la plume"},"image":{"@id":"https:\/\/leringetlaplume.com\/#\/schema\/logo\/image\/"}},{"@type":"Person","@id":"https:\/\/leringetlaplume.com\/#\/schema\/person\/5b126afea7e7c6215d2bda19bdbc2378","name":"Nasser Negrouche","image":{"@type":"ImageObject","inLanguage":"fr-FR","@id":"https:\/\/leringetlaplume.com\/#\/schema\/person\/image\/","url":"https:\/\/secure.gravatar.com\/avatar\/c266447ae1f8a2edaf8b45a31877b4afb00dbb6c257630be697fccad7aa67c55?s=96&d=mm&r=g","contentUrl":"https:\/\/secure.gravatar.com\/avatar\/c266447ae1f8a2edaf8b45a31877b4afb00dbb6c257630be697fccad7aa67c55?s=96&d=mm&r=g","caption":"Nasser Negrouche"},"url":"https:\/\/leringetlaplume.com\/?author=2"}]}},"views":832,"jetpack_sharing_enabled":true,"jetpack_featured_media_url":"https:\/\/leringetlaplume.com\/wp-content\/uploads\/2023\/08\/Monga.jpeg","_links":{"self":[{"href":"https:\/\/leringetlaplume.com\/index.php?rest_route=\/wp\/v2\/posts\/1385","targetHints":{"allow":["GET"]}}],"collection":[{"href":"https:\/\/leringetlaplume.com\/index.php?rest_route=\/wp\/v2\/posts"}],"about":[{"href":"https:\/\/leringetlaplume.com\/index.php?rest_route=\/wp\/v2\/types\/post"}],"author":[{"embeddable":true,"href":"https:\/\/leringetlaplume.com\/index.php?rest_route=\/wp\/v2\/users\/2"}],"replies":[{"embeddable":true,"href":"https:\/\/leringetlaplume.com\/index.php?rest_route=%2Fwp%2Fv2%2Fcomments&post=1385"}],"version-history":[{"count":1,"href":"https:\/\/leringetlaplume.com\/index.php?rest_route=\/wp\/v2\/posts\/1385\/revisions"}],"predecessor-version":[{"id":1387,"href":"https:\/\/leringetlaplume.com\/index.php?rest_route=\/wp\/v2\/posts\/1385\/revisions\/1387"}],"wp:featuredmedia":[{"embeddable":true,"href":"https:\/\/leringetlaplume.com\/index.php?rest_route=\/wp\/v2\/media\/1386"}],"wp:attachment":[{"href":"https:\/\/leringetlaplume.com\/index.php?rest_route=%2Fwp%2Fv2%2Fmedia&parent=1385"}],"wp:term":[{"taxonomy":"category","embeddable":true,"href":"https:\/\/leringetlaplume.com\/index.php?rest_route=%2Fwp%2Fv2%2Fcategories&post=1385"},{"taxonomy":"post_tag","embeddable":true,"href":"https:\/\/leringetlaplume.com\/index.php?rest_route=%2Fwp%2Fv2%2Ftags&post=1385"}],"curies":[{"name":"wp","href":"https:\/\/api.w.org\/{rel}","templated":true}]}}