{"id":1374,"date":"2019-05-14T21:19:00","date_gmt":"2019-05-14T19:19:00","guid":{"rendered":"https:\/\/leringetlaplume.com\/?p=1374"},"modified":"2023-08-02T08:57:41","modified_gmt":"2023-08-02T06:57:41","slug":"slimane-dazi-ce-qui-me-fascine-dans-la-boxe-cest-la-frontiere-entre-la-beaute-et-la-brutalite","status":"publish","type":"post","link":"https:\/\/leringetlaplume.com\/?p=1374","title":{"rendered":"Slimane Dazi : &#8220;Ce qui me fascine dans la boxe, c&#8217;est la fronti\u00e8re entre la beaut\u00e9 et la brutalit\u00e9\u2026&#8221;"},"content":{"rendered":"\n<p class=\"has-drop-cap\"><strong>&nbsp;Acteur au talent immense, Slimane Dazi, r\u00e9v\u00e9l\u00e9 en 2009 dans Un proph\u00e8te de Jacques Audiard, est aussi un amoureux du Noble Art qu&#8217;il a lui-m\u00eame pratiqu\u00e9 dans sa jeunesse. Dans son livre, Indig\u00e8ne de la nation (Don Quichotte), il livre le r\u00e9cit bouleversant de sa vie et \u00e9voque son admiration pour Loucif Hamani. Entretien avec un com\u00e9dien authentique, fid\u00e8le \u00e0 ses racines, engag\u00e9 et g\u00e9n\u00e9reux.<\/strong><\/p>\n\n\n<div class=\"wp-block-image\">\n<figure class=\"alignleft is-resized\"><img loading=\"lazy\" decoding=\"async\" src=\"https:\/\/www.choisyboxe.fr\/wp-content\/uploads\/2019\/05\/Livre-Indig\u00e8ne-de-la-nationok.jpg\" alt=\"\" class=\"wp-image-2335\" width=\"203\" height=\"301\"\/><figcaption class=\"wp-element-caption\"><em>Un t\u00e9moignage bouleversant \u00e0 lire absolument !<\/em><\/figcaption><\/figure>\n<\/div>\n\n\n<p><strong>Slimane Dazi, votre livre <em>Indig\u00e8ne de la nation<\/em> est un t\u00e9moignage d&#8217;une rare intensit\u00e9 dans lequel vous vous livrez avec sinc\u00e9rit\u00e9. Pourquoi avoir \u00e9crit ce livre ? Quel message avez-vous voulu faire passer ?<\/strong><\/p>\n\n\n\n<p><strong>Slimane Dazi&nbsp;:<\/strong> \u00ab&nbsp;J&#8217;ai \u00e9crit ce livre comme un acte politique, un cri de col\u00e8re contre l&#8217;injustice que je vis depuis bient\u00f4t 59 ans, depuis ma naissance. Je ne sais pas si c&#8217;est un message que j&#8217;ai voulu faire passer, quoiqu&#8217;il en soit j&#8217;ai voulu remettre la petite histoire dans la grande, celle de la premi\u00e8re g\u00e9n\u00e9ration d&#8217;enfants d&#8217;immigr\u00e9s n\u00e9s en France m\u00e9tropolitaine avant 1962 et qui ont perdu leur droit du sol lorsque leurs parents ont opt\u00e9 pour la nationalit\u00e9 alg\u00e9rienne \u00e0 l&#8217;ind\u00e9pendance de l&#8217;Alg\u00e9rie&nbsp;\u00bb.<\/p>\n\n\n\n<p><strong>Page 17, vous \u00e9voquez le grand champion de notre club, Loucif Hamani, vedette internationale des rings dans les ann\u00e9es 70 et 80, que vous surnommez le Sugar Ray Leonard de Paname. Qu&#8217;est-ce qu&#8217;il repr\u00e9sentait pour vous ?&nbsp;<\/strong><\/p>\n\n\n\n<p><strong>Slimane Dazi&nbsp;:<\/strong> \u00ab&nbsp;Son surnom n&#8217;est pas de moi mais des pugilistes qui l&#8217;ont c\u00f4toy\u00e9. Il avait d&#8217;ailleurs un autre surnom : le chor\u00e9graphe des rings. \u00c0 mes yeux, il repr\u00e9sentait la possibilit\u00e9 de pouvoir r\u00e9ussir en France par le biais du Noble Art, ou m\u00eame d&#8217;un autre sport, malgr\u00e9 nos origines alg\u00e9riennes. Dans le clivage des ann\u00e9es 1970, Loucif Hamani repr\u00e9sentait un symbole de r\u00e9ussite malgr\u00e9 le handicap de ses origines&nbsp;\u00bb.<\/p>\n\n\n\n<p><strong>D&#8217;o\u00f9 vous vient votre amour de la boxe ? Comment avez-vous d\u00e9couvert le Noble Art, la premi\u00e8re fois&nbsp;?<\/strong><\/p>\n\n\n\n<p><strong>Slimane Dazi&nbsp;:<\/strong> \u00ab&nbsp;Il remonte \u00e0 tr\u00e8s tr\u00e8s loin&#8230; Je crois bien que mon premier coup de c\u0153ur pour la boxe fut dans un film de Charlie Chaplin o\u00f9 il jouait le r\u00f4le d&#8217;un petit boxeur face \u00e0 un gabarit tout en muscles beaucoup plus fort que lui. Il mettait en valeur l&#8217;art de l&#8217;esquive et du jeu de jambes. Ensuite, le combat que j&#8217;ai vu \u00e0 la t\u00e9l\u00e9vision en 1974 avec mon p\u00e8re : Mohammed Ali contre George Foreman \u00e0 Kinshasa&nbsp;\u00bb.<\/p>\n\n\n<div class=\"wp-block-image\">\n<figure class=\"alignleft is-resized\"><img loading=\"lazy\" decoding=\"async\" src=\"https:\/\/www.choisyboxe.fr\/wp-content\/uploads\/2019\/05\/Slimane-Dazi-ceintWBOok.png\" alt=\"\" class=\"wp-image-2329\" width=\"364\" height=\"280\"\/><figcaption class=\"wp-element-caption\"><em>Slimane brandit la ceinture WBO des poids moyens gagn\u00e9e par son ami, le boxeur irlandais Andy Lee, sacr\u00e9 champion du monde la cat\u00e9gorie en 2014 \u00e0 Las Vegas.<\/em><\/figcaption><\/figure>\n<\/div>\n\n\n<p><strong>Qu&#8217;est-ce que vous aimez dans ce sport, qu&#8217;est-ce qui vous fascine ou vous inspire ?<\/strong><\/p>\n\n\n\n<p><strong>Slimane Dazi&nbsp;:<\/strong> \u00ab&nbsp;Ce que j&#8217;aime dans ce sport, pour l&#8217;avoir pratiqu\u00e9 en tant qu&#8217;amateur, c&#8217;est la rigueur, la simplicit\u00e9, un espace o\u00f9 toutes les cat\u00e9gories sociales et ethniques se c\u00f4toient, o\u00f9 tout le monde est \u00e0 \u00e9galit\u00e9. Ce qui me fascine c&#8217;est la fronti\u00e8re entre la beaut\u00e9 et la brutalit\u00e9&nbsp;\u00bb.<\/p>\n\n\n\n<p><strong>Boxeurs et joueurs de foot d&#8217;origine alg\u00e9rienne ou issus d&#8217;autres anciennes colonies ont-ils, selon vous, jou\u00e9 un r\u00f4le dans l&#8217;histoire de l&#8217;immigration ? Hamani, par exemple, \u00e9tait une figure f\u00e9d\u00e9ratrice, une source de fiert\u00e9 pour beaucoup d&#8217;immigr\u00e9s alg\u00e9riens et leurs enfants&#8230;<\/strong><\/p>\n\n\n\n<p><strong>Slimane Dazi&nbsp;:<\/strong> \u00ab&nbsp;Oui, boxeurs et joueurs d&#8217;origine alg\u00e9rienne ou d&#8217;autres colonies ont non seulement jou\u00e9 un r\u00f4le dans l&#8217;histoire de l&#8217;immigration, mais aussi dans l&#8217;Histoire avec un grand H. L&#8217;exemple le plus frappant est pour moi l&#8217;histoire des 11 du FLN, de cette \u00e9quipe de football n\u00e9e juste avant la Coupe du monde de 1958 et qui, gr\u00e2ce \u00e0 ses stars comme Rachid Mekhloufi, Mustapha Zitouni et bien d&#8217;autres ont abandonn\u00e9 leurs biens mat\u00e9riels, leur statut de star dans leurs clubs (Monaco, Saint-Etienne, Bordeaux et bien d&#8217;autres) pour donner vie \u00e0 l&#8217;\u00e9quipe du FLN. L&#8217;id\u00e9e \u00e9tant de faire valoir les droits \u00e0 l&#8217;Alg\u00e9rie libre et ind\u00e9pendante dans les pays qui accepteraient d&#8217;accueillir cette \u00e9quipe encore clandestine. Ce pan de l&#8217;histoire n&#8217;est malheureusement pas \u00e9crit dans les livres scolaires&nbsp;\u00bb.<\/p>\n\n\n\n<p><strong>Salif Keita, ballon d&#8217;or africain en 1970, \u00e9tait aussi l\u2019une de idoles&#8230; Vous avez \u00e9t\u00e9 vous-m\u00eame un excellent joueur de football et vous auriez m\u00eame pu faire carri\u00e8re&#8230; Pas de regrets ?<\/strong><\/p>\n\n\n\n<p><strong>Slimane Dazi&nbsp;:<\/strong> \u00ab&nbsp;Je ne sais pas si j&#8217;aurais pu faire une carri\u00e8re dans le football professionnel, quoiqu&#8217;il en soit le football fut, et reste, pour moi un jeu, quand bien m\u00eame les enjeux sont compl\u00e8tement diff\u00e9rents quand on joue \u00e0 un haut niveau. Je n&#8217;ai aucun regret&nbsp;\u00bb.<\/p>\n\n\n\n<p><strong>Selon vous, est-il possible de faire un lien entre le m\u00e9tier d&#8217;acteur, le monde du cin\u00e9ma et la boxe ? Voyez-vous des points communs entre ces deux univers qui ont toujours \u00e9t\u00e9 attir\u00e9s l&#8217;un par l&#8217;autre ?<\/strong><\/p>\n\n\n\n<p><strong>Slimane Dazi&nbsp;:<\/strong> \u00ab&nbsp;Il est vrai que beaucoup d&#8217;auteurs se sont inspir\u00e9s d&#8217;histoires de grands champions de boxe, le plus connu \u00e9tant bien \u00e9videmment Rocky. La boxe \u00e9tant un sport populaire, le point commun est cette trag\u00e9die qui se joue entre deux hommes sur un ring, les spectateurs tenus en haleine comme ceux des ar\u00e8nes romaines \u00e0 l&#8217;\u00e9poque des gladiateurs&nbsp;\u00bb.<\/p>\n\n\n<div class=\"wp-block-image\">\n<figure class=\"alignleft is-resized\"><img loading=\"lazy\" decoding=\"async\" src=\"https:\/\/www.choisyboxe.fr\/wp-content\/uploads\/2019\/05\/slimane-Dazi-Andy-lee-ok.png\" alt=\"\" class=\"wp-image-2330\" width=\"303\" height=\"228\"\/><figcaption class=\"wp-element-caption\"><em>Le ring et le grand \u00e9cran&#8230; Slimane &amp; Andy, une belle amiti\u00e9 entre l&#8217;acteur et le boxeur. <\/em><\/figcaption><\/figure>\n<\/div>\n\n\n<p><strong>Dans votre livre, vous \u00e9voquez aussi les discriminations que vous subissez en raison de votre nationalit\u00e9 alg\u00e9rienne&#8230; Ces pratiques perdurent-elles aujourd&#8217;hui, depuis la sortie de votre livre ?<\/strong><\/p>\n\n\n\n<p><strong>Slimane Dazi&nbsp;:<\/strong> \u00ab&nbsp;Malheureusement oui, car j&#8217;attends toujours la r\u00e9ponse \u00e0 ma demande de r\u00e9int\u00e9gration \u00e0 la nationalit\u00e9 fran\u00e7aise&#8230;&nbsp;\u00bb.<\/p>\n\n\n\n<p><strong>Quel regard portez-vous sur ce qui se passe aujourd&#8217;hui en Alg\u00e9rie ?<\/strong><\/p>\n\n\n\n<p><strong>Slimane Dazi&nbsp;:<\/strong> \u00ab&nbsp;Paradoxalement, c&#8217;est un regard positif car c&#8217;est pour moi un v\u00e9ritable message d&#8217;espoir et une le\u00e7on de d\u00e9mocratie pour tous les autres pays soi-disant civilis\u00e9s&nbsp;\u00bb.<\/p>\n\n\n\n<p><strong>Un message pour les lecteurs de Choisy Boxe ? Notamment \u00e0 tous ces anciens boxeurs de la g\u00e9n\u00e9ration Hamani qui restent nostalgiques de cette belle \u00e9poque&#8230;<\/strong><\/p>\n\n\n\n<p><strong>Slimane Dazi&nbsp;:<\/strong> \u00ab&nbsp;J&#8217;aimerais bien venir faire un entrainement avec vous en respectant mes 59 ann\u00e9es de saltimbanque ! De toutes fa\u00e7ons, si le souffle me manque, je serais ravi d&#8217;y \u00eatre m\u00eame en tant que spectateur.&nbsp; Merci Nasser de m&#8217;avoir sollicit\u00e9 pour cet \u00e9change ; Ramadan Karim \u00e0 tous, que la paix vous accompagne&nbsp;\u00bb.<\/p>\n\n\n\n<p class=\"has-text-align-right\"><strong>Propos recueillis par Nasser NEGROUCHE<\/strong><\/p>\n","protected":false},"excerpt":{"rendered":"<p>&nbsp;Acteur au talent immense, Slimane Dazi, r\u00e9v\u00e9l\u00e9 en 2009 dans Un proph\u00e8te de Jacques Audiard, est aussi un amoureux du Noble Art qu&#8217;il a lui-m\u00eame pratiqu\u00e9 dans sa jeunesse. Dans son livre, Indig\u00e8ne de la nation (Don Quichotte), il livre le r\u00e9cit bouleversant de sa vie et \u00e9voque son admiration pour Loucif Hamani. Entretien avec [&hellip;]<\/p>\n","protected":false},"author":2,"featured_media":1375,"comment_status":"open","ping_status":"open","sticky":false,"template":"","format":"standard","meta":{"footnotes":""},"categories":[94],"tags":[],"class_list":["post-1374","post","type-post","status-publish","format-standard","has-post-thumbnail","hentry","category-interview"],"yoast_head":"<!-- This site is optimized with the Yoast SEO plugin v21.4 - https:\/\/yoast.com\/wordpress\/plugins\/seo\/ -->\n<title>Slimane Dazi : &quot;Ce qui me fascine dans la boxe, c&#039;est la fronti\u00e8re entre la beaut\u00e9 et la brutalit\u00e9\u2026&quot; - Le ring et la plume<\/title>\n<meta name=\"robots\" content=\"index, follow, max-snippet:-1, max-image-preview:large, max-video-preview:-1\" \/>\n<link rel=\"canonical\" href=\"https:\/\/leringetlaplume.com\/?p=1374\" \/>\n<meta property=\"og:locale\" content=\"fr_FR\" \/>\n<meta property=\"og:type\" content=\"article\" \/>\n<meta property=\"og:title\" content=\"Slimane Dazi : &quot;Ce qui me fascine dans la boxe, c&#039;est la fronti\u00e8re entre la beaut\u00e9 et la brutalit\u00e9\u2026&quot; - Le ring et la plume\" \/>\n<meta property=\"og:description\" content=\"&nbsp;Acteur au talent immense, Slimane Dazi, r\u00e9v\u00e9l\u00e9 en 2009 dans Un proph\u00e8te de Jacques Audiard, est aussi un amoureux du Noble Art qu&#8217;il a lui-m\u00eame pratiqu\u00e9 dans sa jeunesse. Dans son livre, Indig\u00e8ne de la nation (Don Quichotte), il livre le r\u00e9cit bouleversant de sa vie et \u00e9voque son admiration pour Loucif Hamani. Entretien avec [&hellip;]\" \/>\n<meta property=\"og:url\" content=\"https:\/\/leringetlaplume.com\/?p=1374\" \/>\n<meta property=\"og:site_name\" content=\"Le ring et la plume\" \/>\n<meta property=\"article:published_time\" content=\"2019-05-14T19:19:00+00:00\" \/>\n<meta property=\"article:modified_time\" content=\"2023-08-02T06:57:41+00:00\" \/>\n<meta property=\"og:image\" content=\"https:\/\/leringetlaplume.com\/wp-content\/uploads\/2023\/08\/dazi.jpeg\" \/>\n\t<meta property=\"og:image:width\" content=\"320\" \/>\n\t<meta property=\"og:image:height\" content=\"400\" \/>\n\t<meta property=\"og:image:type\" content=\"image\/jpeg\" \/>\n<meta name=\"author\" content=\"Nasser Negrouche\" \/>\n<meta name=\"twitter:card\" content=\"summary_large_image\" \/>\n<meta name=\"twitter:label1\" content=\"\u00c9crit par\" \/>\n\t<meta name=\"twitter:data1\" content=\"Nasser Negrouche\" \/>\n\t<meta name=\"twitter:label2\" content=\"Dur\u00e9e de lecture estim\u00e9e\" \/>\n\t<meta name=\"twitter:data2\" content=\"6 minutes\" \/>\n<script type=\"application\/ld+json\" class=\"yoast-schema-graph\">{\"@context\":\"https:\/\/schema.org\",\"@graph\":[{\"@type\":\"Article\",\"@id\":\"https:\/\/leringetlaplume.com\/?p=1374#article\",\"isPartOf\":{\"@id\":\"https:\/\/leringetlaplume.com\/?p=1374\"},\"author\":{\"name\":\"Nasser Negrouche\",\"@id\":\"https:\/\/leringetlaplume.com\/#\/schema\/person\/5b126afea7e7c6215d2bda19bdbc2378\"},\"headline\":\"Slimane Dazi : &#8220;Ce qui me fascine dans la boxe, c&#8217;est la fronti\u00e8re entre la beaut\u00e9 et la brutalit\u00e9\u2026&#8221;\",\"datePublished\":\"2019-05-14T19:19:00+00:00\",\"dateModified\":\"2023-08-02T06:57:41+00:00\",\"mainEntityOfPage\":{\"@id\":\"https:\/\/leringetlaplume.com\/?p=1374\"},\"wordCount\":1190,\"commentCount\":0,\"publisher\":{\"@id\":\"https:\/\/leringetlaplume.com\/#organization\"},\"articleSection\":[\"Interview\"],\"inLanguage\":\"fr-FR\",\"potentialAction\":[{\"@type\":\"CommentAction\",\"name\":\"Comment\",\"target\":[\"https:\/\/leringetlaplume.com\/?p=1374#respond\"]}]},{\"@type\":\"WebPage\",\"@id\":\"https:\/\/leringetlaplume.com\/?p=1374\",\"url\":\"https:\/\/leringetlaplume.com\/?p=1374\",\"name\":\"Slimane Dazi : \\\"Ce qui me fascine dans la boxe, c'est la fronti\u00e8re entre la beaut\u00e9 et la brutalit\u00e9\u2026\\\" - Le ring et la plume\",\"isPartOf\":{\"@id\":\"https:\/\/leringetlaplume.com\/#website\"},\"datePublished\":\"2019-05-14T19:19:00+00:00\",\"dateModified\":\"2023-08-02T06:57:41+00:00\",\"breadcrumb\":{\"@id\":\"https:\/\/leringetlaplume.com\/?p=1374#breadcrumb\"},\"inLanguage\":\"fr-FR\",\"potentialAction\":[{\"@type\":\"ReadAction\",\"target\":[\"https:\/\/leringetlaplume.com\/?p=1374\"]}]},{\"@type\":\"BreadcrumbList\",\"@id\":\"https:\/\/leringetlaplume.com\/?p=1374#breadcrumb\",\"itemListElement\":[{\"@type\":\"ListItem\",\"position\":1,\"name\":\"Accueil\",\"item\":\"https:\/\/leringetlaplume.com\/\"},{\"@type\":\"ListItem\",\"position\":2,\"name\":\"Slimane Dazi : &#8220;Ce qui me fascine dans la boxe, c&#8217;est la fronti\u00e8re entre la beaut\u00e9 et la brutalit\u00e9\u2026&#8221;\"}]},{\"@type\":\"WebSite\",\"@id\":\"https:\/\/leringetlaplume.com\/#website\",\"url\":\"https:\/\/leringetlaplume.com\/\",\"name\":\"Le ring et la plume\",\"description\":\"\",\"publisher\":{\"@id\":\"https:\/\/leringetlaplume.com\/#organization\"},\"potentialAction\":[{\"@type\":\"SearchAction\",\"target\":{\"@type\":\"EntryPoint\",\"urlTemplate\":\"https:\/\/leringetlaplume.com\/?s={search_term_string}\"},\"query-input\":\"required name=search_term_string\"}],\"inLanguage\":\"fr-FR\"},{\"@type\":\"Organization\",\"@id\":\"https:\/\/leringetlaplume.com\/#organization\",\"name\":\"Le ring et la plume\",\"url\":\"https:\/\/leringetlaplume.com\/\",\"logo\":{\"@type\":\"ImageObject\",\"inLanguage\":\"fr-FR\",\"@id\":\"https:\/\/leringetlaplume.com\/#\/schema\/logo\/image\/\",\"url\":\"https:\/\/leringetlaplume.com\/wp-content\/uploads\/2023\/08\/LOGOLe-RingetlaPlume-520-\u00d7-520-px.png\",\"contentUrl\":\"https:\/\/leringetlaplume.com\/wp-content\/uploads\/2023\/08\/LOGOLe-RingetlaPlume-520-\u00d7-520-px.png\",\"width\":520,\"height\":520,\"caption\":\"Le ring et la plume\"},\"image\":{\"@id\":\"https:\/\/leringetlaplume.com\/#\/schema\/logo\/image\/\"}},{\"@type\":\"Person\",\"@id\":\"https:\/\/leringetlaplume.com\/#\/schema\/person\/5b126afea7e7c6215d2bda19bdbc2378\",\"name\":\"Nasser Negrouche\",\"image\":{\"@type\":\"ImageObject\",\"inLanguage\":\"fr-FR\",\"@id\":\"https:\/\/leringetlaplume.com\/#\/schema\/person\/image\/\",\"url\":\"https:\/\/secure.gravatar.com\/avatar\/c266447ae1f8a2edaf8b45a31877b4afb00dbb6c257630be697fccad7aa67c55?s=96&d=mm&r=g\",\"contentUrl\":\"https:\/\/secure.gravatar.com\/avatar\/c266447ae1f8a2edaf8b45a31877b4afb00dbb6c257630be697fccad7aa67c55?s=96&d=mm&r=g\",\"caption\":\"Nasser Negrouche\"},\"url\":\"https:\/\/leringetlaplume.com\/?author=2\"}]}<\/script>\n<!-- \/ Yoast SEO plugin. -->","yoast_head_json":{"title":"Slimane Dazi : \"Ce qui me fascine dans la boxe, c'est la fronti\u00e8re entre la beaut\u00e9 et la brutalit\u00e9\u2026\" - Le ring et la plume","robots":{"index":"index","follow":"follow","max-snippet":"max-snippet:-1","max-image-preview":"max-image-preview:large","max-video-preview":"max-video-preview:-1"},"canonical":"https:\/\/leringetlaplume.com\/?p=1374","og_locale":"fr_FR","og_type":"article","og_title":"Slimane Dazi : \"Ce qui me fascine dans la boxe, c'est la fronti\u00e8re entre la beaut\u00e9 et la brutalit\u00e9\u2026\" - Le ring et la plume","og_description":"&nbsp;Acteur au talent immense, Slimane Dazi, r\u00e9v\u00e9l\u00e9 en 2009 dans Un proph\u00e8te de Jacques Audiard, est aussi un amoureux du Noble Art qu&#8217;il a lui-m\u00eame pratiqu\u00e9 dans sa jeunesse. Dans son livre, Indig\u00e8ne de la nation (Don Quichotte), il livre le r\u00e9cit bouleversant de sa vie et \u00e9voque son admiration pour Loucif Hamani. Entretien avec [&hellip;]","og_url":"https:\/\/leringetlaplume.com\/?p=1374","og_site_name":"Le ring et la plume","article_published_time":"2019-05-14T19:19:00+00:00","article_modified_time":"2023-08-02T06:57:41+00:00","og_image":[{"width":320,"height":400,"url":"https:\/\/leringetlaplume.com\/wp-content\/uploads\/2023\/08\/dazi.jpeg","type":"image\/jpeg"}],"author":"Nasser Negrouche","twitter_card":"summary_large_image","twitter_misc":{"\u00c9crit par":"Nasser Negrouche","Dur\u00e9e de lecture estim\u00e9e":"6 minutes"},"schema":{"@context":"https:\/\/schema.org","@graph":[{"@type":"Article","@id":"https:\/\/leringetlaplume.com\/?p=1374#article","isPartOf":{"@id":"https:\/\/leringetlaplume.com\/?p=1374"},"author":{"name":"Nasser Negrouche","@id":"https:\/\/leringetlaplume.com\/#\/schema\/person\/5b126afea7e7c6215d2bda19bdbc2378"},"headline":"Slimane Dazi : &#8220;Ce qui me fascine dans la boxe, c&#8217;est la fronti\u00e8re entre la beaut\u00e9 et la brutalit\u00e9\u2026&#8221;","datePublished":"2019-05-14T19:19:00+00:00","dateModified":"2023-08-02T06:57:41+00:00","mainEntityOfPage":{"@id":"https:\/\/leringetlaplume.com\/?p=1374"},"wordCount":1190,"commentCount":0,"publisher":{"@id":"https:\/\/leringetlaplume.com\/#organization"},"articleSection":["Interview"],"inLanguage":"fr-FR","potentialAction":[{"@type":"CommentAction","name":"Comment","target":["https:\/\/leringetlaplume.com\/?p=1374#respond"]}]},{"@type":"WebPage","@id":"https:\/\/leringetlaplume.com\/?p=1374","url":"https:\/\/leringetlaplume.com\/?p=1374","name":"Slimane Dazi : \"Ce qui me fascine dans la boxe, c'est la fronti\u00e8re entre la beaut\u00e9 et la brutalit\u00e9\u2026\" - Le ring et la plume","isPartOf":{"@id":"https:\/\/leringetlaplume.com\/#website"},"datePublished":"2019-05-14T19:19:00+00:00","dateModified":"2023-08-02T06:57:41+00:00","breadcrumb":{"@id":"https:\/\/leringetlaplume.com\/?p=1374#breadcrumb"},"inLanguage":"fr-FR","potentialAction":[{"@type":"ReadAction","target":["https:\/\/leringetlaplume.com\/?p=1374"]}]},{"@type":"BreadcrumbList","@id":"https:\/\/leringetlaplume.com\/?p=1374#breadcrumb","itemListElement":[{"@type":"ListItem","position":1,"name":"Accueil","item":"https:\/\/leringetlaplume.com\/"},{"@type":"ListItem","position":2,"name":"Slimane Dazi : &#8220;Ce qui me fascine dans la boxe, c&#8217;est la fronti\u00e8re entre la beaut\u00e9 et la brutalit\u00e9\u2026&#8221;"}]},{"@type":"WebSite","@id":"https:\/\/leringetlaplume.com\/#website","url":"https:\/\/leringetlaplume.com\/","name":"Le ring et la plume","description":"","publisher":{"@id":"https:\/\/leringetlaplume.com\/#organization"},"potentialAction":[{"@type":"SearchAction","target":{"@type":"EntryPoint","urlTemplate":"https:\/\/leringetlaplume.com\/?s={search_term_string}"},"query-input":"required name=search_term_string"}],"inLanguage":"fr-FR"},{"@type":"Organization","@id":"https:\/\/leringetlaplume.com\/#organization","name":"Le ring et la plume","url":"https:\/\/leringetlaplume.com\/","logo":{"@type":"ImageObject","inLanguage":"fr-FR","@id":"https:\/\/leringetlaplume.com\/#\/schema\/logo\/image\/","url":"https:\/\/leringetlaplume.com\/wp-content\/uploads\/2023\/08\/LOGOLe-RingetlaPlume-520-\u00d7-520-px.png","contentUrl":"https:\/\/leringetlaplume.com\/wp-content\/uploads\/2023\/08\/LOGOLe-RingetlaPlume-520-\u00d7-520-px.png","width":520,"height":520,"caption":"Le ring et la plume"},"image":{"@id":"https:\/\/leringetlaplume.com\/#\/schema\/logo\/image\/"}},{"@type":"Person","@id":"https:\/\/leringetlaplume.com\/#\/schema\/person\/5b126afea7e7c6215d2bda19bdbc2378","name":"Nasser Negrouche","image":{"@type":"ImageObject","inLanguage":"fr-FR","@id":"https:\/\/leringetlaplume.com\/#\/schema\/person\/image\/","url":"https:\/\/secure.gravatar.com\/avatar\/c266447ae1f8a2edaf8b45a31877b4afb00dbb6c257630be697fccad7aa67c55?s=96&d=mm&r=g","contentUrl":"https:\/\/secure.gravatar.com\/avatar\/c266447ae1f8a2edaf8b45a31877b4afb00dbb6c257630be697fccad7aa67c55?s=96&d=mm&r=g","caption":"Nasser Negrouche"},"url":"https:\/\/leringetlaplume.com\/?author=2"}]}},"views":440,"jetpack_sharing_enabled":true,"jetpack_featured_media_url":"https:\/\/leringetlaplume.com\/wp-content\/uploads\/2023\/08\/dazi.jpeg","_links":{"self":[{"href":"https:\/\/leringetlaplume.com\/index.php?rest_route=\/wp\/v2\/posts\/1374","targetHints":{"allow":["GET"]}}],"collection":[{"href":"https:\/\/leringetlaplume.com\/index.php?rest_route=\/wp\/v2\/posts"}],"about":[{"href":"https:\/\/leringetlaplume.com\/index.php?rest_route=\/wp\/v2\/types\/post"}],"author":[{"embeddable":true,"href":"https:\/\/leringetlaplume.com\/index.php?rest_route=\/wp\/v2\/users\/2"}],"replies":[{"embeddable":true,"href":"https:\/\/leringetlaplume.com\/index.php?rest_route=%2Fwp%2Fv2%2Fcomments&post=1374"}],"version-history":[{"count":3,"href":"https:\/\/leringetlaplume.com\/index.php?rest_route=\/wp\/v2\/posts\/1374\/revisions"}],"predecessor-version":[{"id":1382,"href":"https:\/\/leringetlaplume.com\/index.php?rest_route=\/wp\/v2\/posts\/1374\/revisions\/1382"}],"wp:featuredmedia":[{"embeddable":true,"href":"https:\/\/leringetlaplume.com\/index.php?rest_route=\/wp\/v2\/media\/1375"}],"wp:attachment":[{"href":"https:\/\/leringetlaplume.com\/index.php?rest_route=%2Fwp%2Fv2%2Fmedia&parent=1374"}],"wp:term":[{"taxonomy":"category","embeddable":true,"href":"https:\/\/leringetlaplume.com\/index.php?rest_route=%2Fwp%2Fv2%2Fcategories&post=1374"},{"taxonomy":"post_tag","embeddable":true,"href":"https:\/\/leringetlaplume.com\/index.php?rest_route=%2Fwp%2Fv2%2Ftags&post=1374"}],"curies":[{"name":"wp","href":"https:\/\/api.w.org\/{rel}","templated":true}]}}