{"id":1296,"date":"2022-04-19T20:01:00","date_gmt":"2022-04-19T18:01:00","guid":{"rendered":"https:\/\/leringetlaplume.com\/?p=1296"},"modified":"2023-08-02T08:56:48","modified_gmt":"2023-08-02T06:56:48","slug":"ensemble-mettons-k-o-la-haine-raciste","status":"publish","type":"post","link":"https:\/\/leringetlaplume.com\/?p=1296","title":{"rendered":"Ensemble, mettons K.O la haine raciste"},"content":{"rendered":"\n<p class=\"has-drop-cap\">Nous, boxeurs, entra\u00eeneurs, managers, promoteurs et acteurs ou amis du monde de la boxe exprimons notre rejet total des id\u00e9es racistes port\u00e9es par l\u2019extr\u00eame-droite.<\/p>\n\n\n\n<p>Ces id\u00e9es sont aux antipodes des valeurs de fraternit\u00e9, de respect, de loyaut\u00e9 et d\u2019humilit\u00e9 qui sont au c\u0153ur m\u00eame de notre sport et de sa philosophie.<\/p>\n\n\n\n<p>Nous sommes attach\u00e9s \u00e0 ces principes universels qui contribuent \u00e0 une meilleure compr\u00e9hension mutuelle, \u00e0 la concorde et \u00e0 la paix.<\/p>\n\n\n\n<blockquote class=\"wp-block-quote is-layout-flow wp-block-quote-is-layout-flow\">\n<p>Nous consid\u00e9rons tout \u00eatre humain, quel qu\u2019il soit, comme l\u2019un de nos semblables, avec une \u00e9gale et irr\u00e9ductible dignit\u00e9.<\/p>\n<\/blockquote>\n\n\n\n<p>Comme \u00e0 la salle d\u2019entra\u00eenement ou en comp\u00e9tition, nous ne faisons aucune distinction entre les citoyens en raison de leurs origines, de leurs confessions ou de la couleur de leur peau.<\/p>\n\n\n\n<p>Quand La Marseillaise retentit et que nous portons haut le drapeau tricolore, fiers de nos m\u00e9dailles, nous sommes tous unis dans un m\u00eame sentiment de fiert\u00e9 et d\u2019appartenance \u00e0 la nation, \u00e0 nos \u00e9quipes de France.<\/p>\n\n\n\n<p>Sans discrimination.<\/p>\n\n\n\n<p>Nous respectons notre prochain comme nous respectons notre adversaire. Seule compte, \u00e0 nos yeux, la droiture de chacun.<\/p>\n\n\n\n<blockquote class=\"wp-block-quote is-layout-flow wp-block-quote-is-layout-flow\">\n<p>Sur le ring, nous avons appris \u00e0 ne pas tricher et nous savons que, dans la confrontation, au fil des rounds, se r\u00e9v\u00e8le finalement une seule et m\u00eame humanit\u00e9.<\/p>\n<\/blockquote>\n\n\n\n<p>Par cons\u00e9quent, nous refusons de contribuer \u00e0 la stigmatisation d\u2019une partie de la population fran\u00e7aise qui serait responsable des difficult\u00e9s \u00e9conomiques et sociales du pays.<\/p>\n\n\n\n<p>Nous n\u2019aurons pas la l\u00e2chet\u00e9 de d\u00e9signer au peuple un bouc \u00e9missaire qu\u2019il faudrait pers\u00e9cuter, sacrifier m\u00eame pour &#8220;purifier&#8221; notre soci\u00e9t\u00e9 et retrouver un bonheur collectif fantasm\u00e9.<\/p>\n\n\n\n<p>De cette logique de division de la population fran\u00e7aise, il ne peut rien sortir de bon. Sinon de la discorde, de la violence, de la souffrance et de nombreuses d\u00e9faites.<\/p>\n\n\n\n<blockquote class=\"wp-block-quote is-layout-flow wp-block-quote-is-layout-flow\">\n<p>Nous voulons une France qui gagne, qui rassemble, qui sourit, qui aime tous ses enfants et qui fasse r\u00eaver le monde&nbsp;!<\/p>\n<\/blockquote>\n\n\n\n<p><strong>Alors, ensemble, mettons K.O la haine raciste le 24 avril 2022<\/strong>.<\/p>\n\n\n\n<p class=\"has-text-align-right\"><strong>Nasser Negrouche<\/strong><\/p>\n\n\n\n<h4 class=\"wp-block-heading\"><strong>Premiers signataires <\/strong><\/h4>\n\n\n\n<ul class=\"wp-block-list\">\n<li><strong>Dominique Nato<\/strong>, pr\u00e9sident de la F\u00e9d\u00e9ration Fran\u00e7aise de Boxe. Ex-champion de France professionnel des poids lourds, challenger europ\u00e9en. Quadruple champion de France amateur, Ex-entra\u00eeneur de l&#8217;Equipe de France olympique.<\/li>\n\n\n\n<li><strong>St\u00e9phane Ferrara<\/strong>, acteur, ex-champion de France des poids moyens, challenger europ\u00e9en.<\/li>\n\n\n\n<li><strong>Nordine Mouchi<\/strong>, 1er Fran\u00e7ais champion du monde amateurs, Membre de l&#8217;Equipe de France olympique 1996 (Atlanta). Multiple champion de France professionnel des poids welters, challenger europ\u00e9en. Entra\u00eeneur de boxe \u00e0 Cannes.<\/li>\n\n\n\n<li><strong>Khedafi Djelkhir<\/strong>, quintuple champion de France amateur, vice-champion d&#8217;Europe en 2004, m\u00e9daill\u00e9 d&#8217;argent au J.O de 2008, champion de France professionnel des plumes et champion du monde APB AIBA de la cat\u00e9gorie en 2015.<\/li>\n\n\n\n<li><strong>Franck Roubaud Abad<\/strong>, amoureux du Noble Art, auteur du remarquable &#8220;Cerdan intime&#8221;. Il est le neveu d\u2019Antoine Abad, boxeur et meilleur ami de Marcel Cerdan.<\/li>\n\n\n\n<li><strong>Samir Cherrad<\/strong>, entra\u00eeneur au TSB (Echirolles), ex-membre de l&#8217;Equipe de France. Multiple champion de France professionnel des poids l\u00e9gers, N\u00b01 europ\u00e9en de la cat\u00e9gorie et n\u00b06 mondial WBC.<\/li>\n\n\n\n<li><strong>Lancelot Proton de la Chapelle<\/strong>, boxeur professionnel cat\u00e9gorie super-moyens. Ex-champion de Normandie et champion de France junior. Vice-champion de France senior.<\/li>\n\n\n\n<li><strong>Christine H\u00e9nin<\/strong>, photographe, collaboratrice de Canal+ Boxe.<\/li>\n\n\n\n<li><strong>Abdel Ali Debah<\/strong>, ex-boxeur international , champion d&#8217;Alg\u00e9rie des poids moyens, vainqueur de plusieurs tournois mondiaux, sparring-partner du l\u00e9gendaire Loucif Hamani.<\/li>\n\n\n\n<li><strong>Germain Djida,<\/strong> ex-boxeur de haut-niveau cat\u00e9gorie poids mi-lourds. Licenci\u00e9 au BC Choisy-le-Roi. Vainqueur des comp\u00e9titions f\u00e9d\u00e9rales du CIF (Porte Pouchet).<\/li>\n\n\n\n<li><strong>Hugues Thierry Samo<\/strong>, ex-boxeur professionnel cat\u00e9gorie super-welters. Vainqueur de l&#8217;ex-champion du monde P\u00e9rico Fernandez.<\/li>\n\n\n\n<li><strong>Djamel R\u00e9mini<\/strong>, entra\u00eeneur du CSQL de Choisy-le-Roi. Ex-boxeur amateur de haut-niveau dans les poids plumes et l\u00e9gers. Vainqueur des comp\u00e9titions f\u00e9d\u00e9rales du CIF (Porte Pouchet)., 1\/21 finaliste du championnat de France. Ancien boxeur professionnel, adversaire de l&#8217;ex-champion du monde Affif Djelti.<\/li>\n\n\n\n<li><strong>Jean-Yves Le Marchand<\/strong>, pr\u00e9sident de l&#8217;A.S Cherbourg. Ex-entra\u00eeneur de la section boxe. Ancien boxeur pieds-poings de haut niveau. Charg\u00e9 de la communication au sein du comit\u00e9 r\u00e9gional f\u00e9d\u00e9ral.<\/li>\n<\/ul>\n\n\n\n<p><strong>Et de nombreux autres&#8230;<\/strong><\/p>\n\n\n\n<h5 class=\"wp-block-heading\"><strong>Pour ajouter votre nom \u00e0 l&#8217;appel des boxeurs contre le racisme et les discriminations, cliquez sur le lien ci-dessous et suivez les consignes : <\/strong><\/h5>\n\n\n\n<p><a href=\"https:\/\/chng.it\/ypyYCdWR\">https:\/\/chng.it\/ypyYCdWR<\/a><\/p>\n\n\n\n<p>&nbsp;<\/p>\n","protected":false},"excerpt":{"rendered":"<p>Nous, boxeurs, entra\u00eeneurs, managers, promoteurs et acteurs ou amis du monde de la boxe exprimons notre rejet total des id\u00e9es racistes port\u00e9es par l\u2019extr\u00eame-droite. Ces id\u00e9es sont aux antipodes des valeurs de fraternit\u00e9, de respect, de loyaut\u00e9 et d\u2019humilit\u00e9 qui sont au c\u0153ur m\u00eame de notre sport et de sa philosophie. Nous sommes attach\u00e9s \u00e0 [&hellip;]<\/p>\n","protected":false},"author":2,"featured_media":1298,"comment_status":"open","ping_status":"open","sticky":false,"template":"","format":"standard","meta":{"footnotes":""},"categories":[92],"tags":[],"class_list":["post-1296","post","type-post","status-publish","format-standard","has-post-thumbnail","hentry","category-solidarite"],"yoast_head":"<!-- This site is optimized with the Yoast SEO plugin v21.4 - https:\/\/yoast.com\/wordpress\/plugins\/seo\/ -->\n<title>Ensemble, mettons K.O la haine raciste - Le ring et la plume<\/title>\n<meta name=\"robots\" content=\"index, follow, max-snippet:-1, max-image-preview:large, max-video-preview:-1\" \/>\n<link rel=\"canonical\" href=\"https:\/\/leringetlaplume.com\/?p=1296\" \/>\n<meta property=\"og:locale\" content=\"fr_FR\" \/>\n<meta property=\"og:type\" content=\"article\" \/>\n<meta property=\"og:title\" content=\"Ensemble, mettons K.O la haine raciste - Le ring et la plume\" \/>\n<meta property=\"og:description\" content=\"Nous, boxeurs, entra\u00eeneurs, managers, promoteurs et acteurs ou amis du monde de la boxe exprimons notre rejet total des id\u00e9es racistes port\u00e9es par l\u2019extr\u00eame-droite. Ces id\u00e9es sont aux antipodes des valeurs de fraternit\u00e9, de respect, de loyaut\u00e9 et d\u2019humilit\u00e9 qui sont au c\u0153ur m\u00eame de notre sport et de sa philosophie. Nous sommes attach\u00e9s \u00e0 [&hellip;]\" \/>\n<meta property=\"og:url\" content=\"https:\/\/leringetlaplume.com\/?p=1296\" \/>\n<meta property=\"og:site_name\" content=\"Le ring et la plume\" \/>\n<meta property=\"article:published_time\" content=\"2022-04-19T18:01:00+00:00\" \/>\n<meta property=\"article:modified_time\" content=\"2023-08-02T06:56:48+00:00\" \/>\n<meta property=\"og:image\" content=\"https:\/\/leringetlaplume.com\/wp-content\/uploads\/2023\/08\/Aliracisme.jpeg\" \/>\n\t<meta property=\"og:image:width\" content=\"400\" \/>\n\t<meta property=\"og:image:height\" content=\"263\" \/>\n\t<meta property=\"og:image:type\" content=\"image\/jpeg\" \/>\n<meta name=\"author\" content=\"Nasser Negrouche\" \/>\n<meta name=\"twitter:card\" content=\"summary_large_image\" \/>\n<meta name=\"twitter:label1\" content=\"\u00c9crit par\" \/>\n\t<meta name=\"twitter:data1\" content=\"Nasser Negrouche\" \/>\n\t<meta name=\"twitter:label2\" content=\"Dur\u00e9e de lecture estim\u00e9e\" \/>\n\t<meta name=\"twitter:data2\" content=\"4 minutes\" \/>\n<script type=\"application\/ld+json\" class=\"yoast-schema-graph\">{\"@context\":\"https:\/\/schema.org\",\"@graph\":[{\"@type\":\"Article\",\"@id\":\"https:\/\/leringetlaplume.com\/?p=1296#article\",\"isPartOf\":{\"@id\":\"https:\/\/leringetlaplume.com\/?p=1296\"},\"author\":{\"name\":\"Nasser Negrouche\",\"@id\":\"https:\/\/leringetlaplume.com\/#\/schema\/person\/5b126afea7e7c6215d2bda19bdbc2378\"},\"headline\":\"Ensemble, mettons K.O la haine raciste\",\"datePublished\":\"2022-04-19T18:01:00+00:00\",\"dateModified\":\"2023-08-02T06:56:48+00:00\",\"mainEntityOfPage\":{\"@id\":\"https:\/\/leringetlaplume.com\/?p=1296\"},\"wordCount\":745,\"commentCount\":0,\"publisher\":{\"@id\":\"https:\/\/leringetlaplume.com\/#organization\"},\"articleSection\":[\"Solidarit\u00e9\"],\"inLanguage\":\"fr-FR\",\"potentialAction\":[{\"@type\":\"CommentAction\",\"name\":\"Comment\",\"target\":[\"https:\/\/leringetlaplume.com\/?p=1296#respond\"]}]},{\"@type\":\"WebPage\",\"@id\":\"https:\/\/leringetlaplume.com\/?p=1296\",\"url\":\"https:\/\/leringetlaplume.com\/?p=1296\",\"name\":\"Ensemble, mettons K.O la haine raciste - Le ring et la plume\",\"isPartOf\":{\"@id\":\"https:\/\/leringetlaplume.com\/#website\"},\"datePublished\":\"2022-04-19T18:01:00+00:00\",\"dateModified\":\"2023-08-02T06:56:48+00:00\",\"breadcrumb\":{\"@id\":\"https:\/\/leringetlaplume.com\/?p=1296#breadcrumb\"},\"inLanguage\":\"fr-FR\",\"potentialAction\":[{\"@type\":\"ReadAction\",\"target\":[\"https:\/\/leringetlaplume.com\/?p=1296\"]}]},{\"@type\":\"BreadcrumbList\",\"@id\":\"https:\/\/leringetlaplume.com\/?p=1296#breadcrumb\",\"itemListElement\":[{\"@type\":\"ListItem\",\"position\":1,\"name\":\"Accueil\",\"item\":\"https:\/\/leringetlaplume.com\/\"},{\"@type\":\"ListItem\",\"position\":2,\"name\":\"Ensemble, mettons K.O la haine raciste\"}]},{\"@type\":\"WebSite\",\"@id\":\"https:\/\/leringetlaplume.com\/#website\",\"url\":\"https:\/\/leringetlaplume.com\/\",\"name\":\"Le ring et la plume\",\"description\":\"\",\"publisher\":{\"@id\":\"https:\/\/leringetlaplume.com\/#organization\"},\"potentialAction\":[{\"@type\":\"SearchAction\",\"target\":{\"@type\":\"EntryPoint\",\"urlTemplate\":\"https:\/\/leringetlaplume.com\/?s={search_term_string}\"},\"query-input\":\"required name=search_term_string\"}],\"inLanguage\":\"fr-FR\"},{\"@type\":\"Organization\",\"@id\":\"https:\/\/leringetlaplume.com\/#organization\",\"name\":\"Le ring et la plume\",\"url\":\"https:\/\/leringetlaplume.com\/\",\"logo\":{\"@type\":\"ImageObject\",\"inLanguage\":\"fr-FR\",\"@id\":\"https:\/\/leringetlaplume.com\/#\/schema\/logo\/image\/\",\"url\":\"https:\/\/leringetlaplume.com\/wp-content\/uploads\/2023\/08\/LOGOLe-RingetlaPlume-520-\u00d7-520-px.png\",\"contentUrl\":\"https:\/\/leringetlaplume.com\/wp-content\/uploads\/2023\/08\/LOGOLe-RingetlaPlume-520-\u00d7-520-px.png\",\"width\":520,\"height\":520,\"caption\":\"Le ring et la plume\"},\"image\":{\"@id\":\"https:\/\/leringetlaplume.com\/#\/schema\/logo\/image\/\"}},{\"@type\":\"Person\",\"@id\":\"https:\/\/leringetlaplume.com\/#\/schema\/person\/5b126afea7e7c6215d2bda19bdbc2378\",\"name\":\"Nasser Negrouche\",\"image\":{\"@type\":\"ImageObject\",\"inLanguage\":\"fr-FR\",\"@id\":\"https:\/\/leringetlaplume.com\/#\/schema\/person\/image\/\",\"url\":\"https:\/\/secure.gravatar.com\/avatar\/c266447ae1f8a2edaf8b45a31877b4afb00dbb6c257630be697fccad7aa67c55?s=96&d=mm&r=g\",\"contentUrl\":\"https:\/\/secure.gravatar.com\/avatar\/c266447ae1f8a2edaf8b45a31877b4afb00dbb6c257630be697fccad7aa67c55?s=96&d=mm&r=g\",\"caption\":\"Nasser Negrouche\"},\"url\":\"https:\/\/leringetlaplume.com\/?author=2\"}]}<\/script>\n<!-- \/ Yoast SEO plugin. -->","yoast_head_json":{"title":"Ensemble, mettons K.O la haine raciste - Le ring et la plume","robots":{"index":"index","follow":"follow","max-snippet":"max-snippet:-1","max-image-preview":"max-image-preview:large","max-video-preview":"max-video-preview:-1"},"canonical":"https:\/\/leringetlaplume.com\/?p=1296","og_locale":"fr_FR","og_type":"article","og_title":"Ensemble, mettons K.O la haine raciste - Le ring et la plume","og_description":"Nous, boxeurs, entra\u00eeneurs, managers, promoteurs et acteurs ou amis du monde de la boxe exprimons notre rejet total des id\u00e9es racistes port\u00e9es par l\u2019extr\u00eame-droite. Ces id\u00e9es sont aux antipodes des valeurs de fraternit\u00e9, de respect, de loyaut\u00e9 et d\u2019humilit\u00e9 qui sont au c\u0153ur m\u00eame de notre sport et de sa philosophie. Nous sommes attach\u00e9s \u00e0 [&hellip;]","og_url":"https:\/\/leringetlaplume.com\/?p=1296","og_site_name":"Le ring et la plume","article_published_time":"2022-04-19T18:01:00+00:00","article_modified_time":"2023-08-02T06:56:48+00:00","og_image":[{"width":400,"height":263,"url":"https:\/\/leringetlaplume.com\/wp-content\/uploads\/2023\/08\/Aliracisme.jpeg","type":"image\/jpeg"}],"author":"Nasser Negrouche","twitter_card":"summary_large_image","twitter_misc":{"\u00c9crit par":"Nasser Negrouche","Dur\u00e9e de lecture estim\u00e9e":"4 minutes"},"schema":{"@context":"https:\/\/schema.org","@graph":[{"@type":"Article","@id":"https:\/\/leringetlaplume.com\/?p=1296#article","isPartOf":{"@id":"https:\/\/leringetlaplume.com\/?p=1296"},"author":{"name":"Nasser Negrouche","@id":"https:\/\/leringetlaplume.com\/#\/schema\/person\/5b126afea7e7c6215d2bda19bdbc2378"},"headline":"Ensemble, mettons K.O la haine raciste","datePublished":"2022-04-19T18:01:00+00:00","dateModified":"2023-08-02T06:56:48+00:00","mainEntityOfPage":{"@id":"https:\/\/leringetlaplume.com\/?p=1296"},"wordCount":745,"commentCount":0,"publisher":{"@id":"https:\/\/leringetlaplume.com\/#organization"},"articleSection":["Solidarit\u00e9"],"inLanguage":"fr-FR","potentialAction":[{"@type":"CommentAction","name":"Comment","target":["https:\/\/leringetlaplume.com\/?p=1296#respond"]}]},{"@type":"WebPage","@id":"https:\/\/leringetlaplume.com\/?p=1296","url":"https:\/\/leringetlaplume.com\/?p=1296","name":"Ensemble, mettons K.O la haine raciste - Le ring et la plume","isPartOf":{"@id":"https:\/\/leringetlaplume.com\/#website"},"datePublished":"2022-04-19T18:01:00+00:00","dateModified":"2023-08-02T06:56:48+00:00","breadcrumb":{"@id":"https:\/\/leringetlaplume.com\/?p=1296#breadcrumb"},"inLanguage":"fr-FR","potentialAction":[{"@type":"ReadAction","target":["https:\/\/leringetlaplume.com\/?p=1296"]}]},{"@type":"BreadcrumbList","@id":"https:\/\/leringetlaplume.com\/?p=1296#breadcrumb","itemListElement":[{"@type":"ListItem","position":1,"name":"Accueil","item":"https:\/\/leringetlaplume.com\/"},{"@type":"ListItem","position":2,"name":"Ensemble, mettons K.O la haine raciste"}]},{"@type":"WebSite","@id":"https:\/\/leringetlaplume.com\/#website","url":"https:\/\/leringetlaplume.com\/","name":"Le ring et la plume","description":"","publisher":{"@id":"https:\/\/leringetlaplume.com\/#organization"},"potentialAction":[{"@type":"SearchAction","target":{"@type":"EntryPoint","urlTemplate":"https:\/\/leringetlaplume.com\/?s={search_term_string}"},"query-input":"required name=search_term_string"}],"inLanguage":"fr-FR"},{"@type":"Organization","@id":"https:\/\/leringetlaplume.com\/#organization","name":"Le ring et la plume","url":"https:\/\/leringetlaplume.com\/","logo":{"@type":"ImageObject","inLanguage":"fr-FR","@id":"https:\/\/leringetlaplume.com\/#\/schema\/logo\/image\/","url":"https:\/\/leringetlaplume.com\/wp-content\/uploads\/2023\/08\/LOGOLe-RingetlaPlume-520-\u00d7-520-px.png","contentUrl":"https:\/\/leringetlaplume.com\/wp-content\/uploads\/2023\/08\/LOGOLe-RingetlaPlume-520-\u00d7-520-px.png","width":520,"height":520,"caption":"Le ring et la plume"},"image":{"@id":"https:\/\/leringetlaplume.com\/#\/schema\/logo\/image\/"}},{"@type":"Person","@id":"https:\/\/leringetlaplume.com\/#\/schema\/person\/5b126afea7e7c6215d2bda19bdbc2378","name":"Nasser Negrouche","image":{"@type":"ImageObject","inLanguage":"fr-FR","@id":"https:\/\/leringetlaplume.com\/#\/schema\/person\/image\/","url":"https:\/\/secure.gravatar.com\/avatar\/c266447ae1f8a2edaf8b45a31877b4afb00dbb6c257630be697fccad7aa67c55?s=96&d=mm&r=g","contentUrl":"https:\/\/secure.gravatar.com\/avatar\/c266447ae1f8a2edaf8b45a31877b4afb00dbb6c257630be697fccad7aa67c55?s=96&d=mm&r=g","caption":"Nasser Negrouche"},"url":"https:\/\/leringetlaplume.com\/?author=2"}]}},"views":597,"jetpack_sharing_enabled":true,"jetpack_featured_media_url":"https:\/\/leringetlaplume.com\/wp-content\/uploads\/2023\/08\/Aliracisme.jpeg","_links":{"self":[{"href":"https:\/\/leringetlaplume.com\/index.php?rest_route=\/wp\/v2\/posts\/1296","targetHints":{"allow":["GET"]}}],"collection":[{"href":"https:\/\/leringetlaplume.com\/index.php?rest_route=\/wp\/v2\/posts"}],"about":[{"href":"https:\/\/leringetlaplume.com\/index.php?rest_route=\/wp\/v2\/types\/post"}],"author":[{"embeddable":true,"href":"https:\/\/leringetlaplume.com\/index.php?rest_route=\/wp\/v2\/users\/2"}],"replies":[{"embeddable":true,"href":"https:\/\/leringetlaplume.com\/index.php?rest_route=%2Fwp%2Fv2%2Fcomments&post=1296"}],"version-history":[{"count":3,"href":"https:\/\/leringetlaplume.com\/index.php?rest_route=\/wp\/v2\/posts\/1296\/revisions"}],"predecessor-version":[{"id":1381,"href":"https:\/\/leringetlaplume.com\/index.php?rest_route=\/wp\/v2\/posts\/1296\/revisions\/1381"}],"wp:featuredmedia":[{"embeddable":true,"href":"https:\/\/leringetlaplume.com\/index.php?rest_route=\/wp\/v2\/media\/1298"}],"wp:attachment":[{"href":"https:\/\/leringetlaplume.com\/index.php?rest_route=%2Fwp%2Fv2%2Fmedia&parent=1296"}],"wp:term":[{"taxonomy":"category","embeddable":true,"href":"https:\/\/leringetlaplume.com\/index.php?rest_route=%2Fwp%2Fv2%2Fcategories&post=1296"},{"taxonomy":"post_tag","embeddable":true,"href":"https:\/\/leringetlaplume.com\/index.php?rest_route=%2Fwp%2Fv2%2Ftags&post=1296"}],"curies":[{"name":"wp","href":"https:\/\/api.w.org\/{rel}","templated":true}]}}